{"id":898,"date":"2023-10-03T16:56:01","date_gmt":"2023-10-03T16:56:01","guid":{"rendered":"https:\/\/iran3037.cl\/web\/?p=898"},"modified":"2023-10-03T16:58:14","modified_gmt":"2023-10-03T16:58:14","slug":"arboles-por-la-memoria-plantan-quillay-frente-a-ex-centro-de-tortura-en-memoria-de-victimas","status":"publish","type":"post","link":"https:\/\/iran3037.cl\/web\/arboles-por-la-memoria-plantan-quillay-frente-a-ex-centro-de-tortura-en-memoria-de-victimas\/","title":{"rendered":"\u00c1rboles por la Memoria: Plantan quillay frente a ex centro de tortura en memoria de v\u00edctimas"},"content":{"rendered":"\n<p>Martes 04 julio de 2023<\/p>\n\n\n\n<figure class=\"wp-block-image size-large\"><a href=\"https:\/\/iran3037.cl\/web\/wp-content\/uploads\/2023\/10\/1-de-julio-2023-Plantacion-primer-arbol-2.jpg\"><img loading=\"lazy\" decoding=\"async\" width=\"1024\" height=\"1024\" src=\"https:\/\/iran3037.cl\/web\/wp-content\/uploads\/2023\/10\/1-de-julio-2023-Plantacion-primer-arbol-2-1024x1024.jpg\" alt=\"\" class=\"wp-image-899\" srcset=\"https:\/\/iran3037.cl\/web\/wp-content\/uploads\/2023\/10\/1-de-julio-2023-Plantacion-primer-arbol-2-1024x1024.jpg 1024w, https:\/\/iran3037.cl\/web\/wp-content\/uploads\/2023\/10\/1-de-julio-2023-Plantacion-primer-arbol-2-300x300.jpg 300w, https:\/\/iran3037.cl\/web\/wp-content\/uploads\/2023\/10\/1-de-julio-2023-Plantacion-primer-arbol-2-150x150.jpg 150w, https:\/\/iran3037.cl\/web\/wp-content\/uploads\/2023\/10\/1-de-julio-2023-Plantacion-primer-arbol-2-768x768.jpg 768w, https:\/\/iran3037.cl\/web\/wp-content\/uploads\/2023\/10\/1-de-julio-2023-Plantacion-primer-arbol-2.jpg 1496w\" sizes=\"auto, (max-width: 1024px) 100vw, 1024px\" \/><\/a><\/figure>\n\n\n\n<!--more-->\n\n\n\n<p>En el marco y como inicio del proyecto \u00c1rboles por la Memoria, el s\u00e1bado pasado se plant\u00f3 un quillay frente a la casa ubicada en la calle Ir\u00e1n 3037. Ah\u00ed se ubic\u00f3 La venda sexy, centro ilegal de detenci\u00f3n, tortura y exterminio de la Direcci\u00f3n de Inteligencia Nacional (DINA).<\/p>\n\n\n\n<p>Este s\u00e1bado 1 de julio de 2023 y con el lema \u201cPlantando memoria, sembrando futuro\u201d ha plantado un quillay. Es el primero de 4.000 \u00e1rboles que el proyecto \u201c\u00c1rboles por la Memoria\u201d busca poner en todo Chile en memoria de desaparecidos y ejecutados durante la dictadura en el contexto de los 50 a\u00f1os del golpe.<\/p>\n\n\n\n<p>En la plaza Arabia de Macul se reuni\u00f3 un centenar de personas. Entre ellas hab\u00eda sobrevivientes, familiares de v\u00edctimas y vecinos.<\/p>\n\n\n\n<p>\u201cEs un acto en representaci\u00f3n de la memoria de tantos chilenos y chilenas, que vivieron el horror, el tormento y el exterminio en la casa de tortura \u201cLa venda sexy\u201d. Este \u00e1rbol es s\u00edmbolo de vida, en la lucha por la recuperaci\u00f3n de la libertad y la sobrevivencia de los a\u00f1os m\u00e1s oscuros de la dictadura c\u00edvico-militar que asol\u00f3 a Chile\u201d, dijo Alejandra Holzapfel, presidenta de la Corporaci\u00f3n de Memoria Ir\u00e1n 3037.<\/p>\n\n\n\n<p>En la emotiva ceremonia, adem\u00e1s, participaron el alcalde de Macul, Gonzalo Montoya, la Secretar\u00eda Regional Ministerial de las Culturas, las Artes y el Patrimonio Regi\u00f3n Metropolitana, Alejandra Jim\u00e9nez, y la Secretaria Regional Ministerio de Medio Ambiente, Sonia Reyes. Todos ellos relevaron el proyecto \u201c\u00c1rboles por la Memoria\u201d como gesto de dignificaci\u00f3n de memoria a trav\u00e9s de estos parques de memoria que poblar\u00e1n el territorio nacional.<\/p>\n\n\n\n<p>El proyecto espec\u00edfico de la plaza Arabia contempla plantar 250 \u00e1rboles nativos donados por Conaf en memoria de las personas que se mantuvieron secuestradas en el recinto de la disuelta DINA, que dirigiera Manuel Contreras, quien lleg\u00f3 a ser general del Ej\u00e9rcito de Chile.<\/p>\n\n\n\n<p>El proyecto \u00c1rboles por la Memoria es un proyecto coordinado por la Unidad de Cultura, Memoria y Derechos Humanos de la Subsecretaria de las Culturas y las Artes, la Corporaci\u00f3n Nacional Forestal (CONAF) y la Red de Sitios de Memoria.<\/p>\n\n\n\n<p>\u201cA 50 a\u00f1os del doloroso golpe c\u00edvico militar y de la muerte del Presidente Salvador Allende, como ejemplo de entereza y dignidad con el pueblo de Chile, el acto de plantar 4 mil \u00e1rboles en todo Chile por la memoria de los compa\u00f1eros y compa\u00f1eras ejecutados y desaparecidos, se traduce en mantener viva la memoria de quienes dieron sus vidas\u201d, se\u00f1al\u00f3 Holzapfel.<\/p>\n\n\n\n<p>\u201cEsta casa de enfrente, ubicada en Ir\u00e1n 3037, Comuna de Macul, fue utilizada por la Direcci\u00f3n Nacional de Inteligencia, como uno de los principales centros clandestinos de secuestro, tortura y exterminio, entre los a\u00f1os 1974 y 1977. En este lugar de horror centenares de personas fuimos secuestradas y brutalmente torturadas. Al d\u00eda de hoy, 33 personas siguen desaparecidas\u201d, agreg\u00f3 la dirigente, sobreviviente del ex recinto.<\/p>\n\n\n\n<p>El proyecto \u201c\u00c1rboles por la Memoria\u201d considera plantar \u00e1rboles en casi todas las regiones del pa\u00eds, incluyendo, entre otros, sitios de memoria, plazas, parques y algunas universidades, como la Universidad de Chile, de Concepci\u00f3n (en sus tres sedes), de Santiago y Academia de Humanismo Cristiano.<\/p>\n\n\n\n<figure class=\"wp-block-gallery has-nested-images columns-default is-cropped wp-block-gallery-1 is-layout-flex wp-block-gallery-is-layout-flex\">\n<figure class=\"wp-block-image size-large\"><a href=\"https:\/\/iran3037.cl\/web\/wp-content\/uploads\/2023\/10\/1-de-julio-2023-Plantacion-primer-arbol-16.jpg\"><img loading=\"lazy\" decoding=\"async\" width=\"1024\" height=\"1024\" data-id=\"915\" src=\"https:\/\/iran3037.cl\/web\/wp-content\/uploads\/2023\/10\/1-de-julio-2023-Plantacion-primer-arbol-16-1024x1024.jpg\" alt=\"\" class=\"wp-image-915\" srcset=\"https:\/\/iran3037.cl\/web\/wp-content\/uploads\/2023\/10\/1-de-julio-2023-Plantacion-primer-arbol-16-1024x1024.jpg 1024w, https:\/\/iran3037.cl\/web\/wp-content\/uploads\/2023\/10\/1-de-julio-2023-Plantacion-primer-arbol-16-300x300.jpg 300w, https:\/\/iran3037.cl\/web\/wp-content\/uploads\/2023\/10\/1-de-julio-2023-Plantacion-primer-arbol-16-150x150.jpg 150w, https:\/\/iran3037.cl\/web\/wp-content\/uploads\/2023\/10\/1-de-julio-2023-Plantacion-primer-arbol-16-768x768.jpg 768w, https:\/\/iran3037.cl\/web\/wp-content\/uploads\/2023\/10\/1-de-julio-2023-Plantacion-primer-arbol-16.jpg 1496w\" sizes=\"auto, (max-width: 1024px) 100vw, 1024px\" \/><\/a><\/figure>\n\n\n\n<figure class=\"wp-block-image size-large\"><a href=\"https:\/\/iran3037.cl\/web\/wp-content\/uploads\/2023\/10\/1-de-julio-2023-Plantacion-primer-arbol-2.jpg\"><img loading=\"lazy\" decoding=\"async\" width=\"1024\" height=\"1024\" data-id=\"899\" src=\"https:\/\/iran3037.cl\/web\/wp-content\/uploads\/2023\/10\/1-de-julio-2023-Plantacion-primer-arbol-2-1024x1024.jpg\" alt=\"\" class=\"wp-image-899\" srcset=\"https:\/\/iran3037.cl\/web\/wp-content\/uploads\/2023\/10\/1-de-julio-2023-Plantacion-primer-arbol-2-1024x1024.jpg 1024w, https:\/\/iran3037.cl\/web\/wp-content\/uploads\/2023\/10\/1-de-julio-2023-Plantacion-primer-arbol-2-300x300.jpg 300w, https:\/\/iran3037.cl\/web\/wp-content\/uploads\/2023\/10\/1-de-julio-2023-Plantacion-primer-arbol-2-150x150.jpg 150w, https:\/\/iran3037.cl\/web\/wp-content\/uploads\/2023\/10\/1-de-julio-2023-Plantacion-primer-arbol-2-768x768.jpg 768w, https:\/\/iran3037.cl\/web\/wp-content\/uploads\/2023\/10\/1-de-julio-2023-Plantacion-primer-arbol-2.jpg 1496w\" sizes=\"auto, (max-width: 1024px) 100vw, 1024px\" \/><\/a><\/figure>\n\n\n\n<figure class=\"wp-block-image size-large\"><a href=\"https:\/\/iran3037.cl\/web\/wp-content\/uploads\/2023\/10\/1-de-julio-2023-Plantacion-primer-arbol-1.jpg\"><img loading=\"lazy\" decoding=\"async\" width=\"1024\" height=\"1024\" data-id=\"900\" src=\"https:\/\/iran3037.cl\/web\/wp-content\/uploads\/2023\/10\/1-de-julio-2023-Plantacion-primer-arbol-1-1024x1024.jpg\" alt=\"\" class=\"wp-image-900\" srcset=\"https:\/\/iran3037.cl\/web\/wp-content\/uploads\/2023\/10\/1-de-julio-2023-Plantacion-primer-arbol-1-1024x1024.jpg 1024w, https:\/\/iran3037.cl\/web\/wp-content\/uploads\/2023\/10\/1-de-julio-2023-Plantacion-primer-arbol-1-300x300.jpg 300w, https:\/\/iran3037.cl\/web\/wp-content\/uploads\/2023\/10\/1-de-julio-2023-Plantacion-primer-arbol-1-150x150.jpg 150w, https:\/\/iran3037.cl\/web\/wp-content\/uploads\/2023\/10\/1-de-julio-2023-Plantacion-primer-arbol-1-768x768.jpg 768w, https:\/\/iran3037.cl\/web\/wp-content\/uploads\/2023\/10\/1-de-julio-2023-Plantacion-primer-arbol-1.jpg 1496w\" sizes=\"auto, (max-width: 1024px) 100vw, 1024px\" \/><\/a><\/figure>\n\n\n\n<figure class=\"wp-block-image size-large\"><a href=\"https:\/\/iran3037.cl\/web\/wp-content\/uploads\/2023\/10\/1-de-julio-2023-Plantacion-primer-arbol-3.jpg\"><img loading=\"lazy\" decoding=\"async\" width=\"1024\" height=\"1024\" data-id=\"902\" src=\"https:\/\/iran3037.cl\/web\/wp-content\/uploads\/2023\/10\/1-de-julio-2023-Plantacion-primer-arbol-3-1024x1024.jpg\" alt=\"\" class=\"wp-image-902\" srcset=\"https:\/\/iran3037.cl\/web\/wp-content\/uploads\/2023\/10\/1-de-julio-2023-Plantacion-primer-arbol-3-1024x1024.jpg 1024w, https:\/\/iran3037.cl\/web\/wp-content\/uploads\/2023\/10\/1-de-julio-2023-Plantacion-primer-arbol-3-300x300.jpg 300w, https:\/\/iran3037.cl\/web\/wp-content\/uploads\/2023\/10\/1-de-julio-2023-Plantacion-primer-arbol-3-150x150.jpg 150w, https:\/\/iran3037.cl\/web\/wp-content\/uploads\/2023\/10\/1-de-julio-2023-Plantacion-primer-arbol-3-768x768.jpg 768w, https:\/\/iran3037.cl\/web\/wp-content\/uploads\/2023\/10\/1-de-julio-2023-Plantacion-primer-arbol-3.jpg 1496w\" sizes=\"auto, (max-width: 1024px) 100vw, 1024px\" \/><\/a><\/figure>\n\n\n\n<figure class=\"wp-block-image size-large\"><a href=\"https:\/\/iran3037.cl\/web\/wp-content\/uploads\/2023\/10\/1-de-julio-2023-Plantacion-primer-arbol-4.jpg\"><img loading=\"lazy\" decoding=\"async\" width=\"1024\" height=\"1024\" data-id=\"903\" src=\"https:\/\/iran3037.cl\/web\/wp-content\/uploads\/2023\/10\/1-de-julio-2023-Plantacion-primer-arbol-4-1024x1024.jpg\" alt=\"\" class=\"wp-image-903\" srcset=\"https:\/\/iran3037.cl\/web\/wp-content\/uploads\/2023\/10\/1-de-julio-2023-Plantacion-primer-arbol-4-1024x1024.jpg 1024w, https:\/\/iran3037.cl\/web\/wp-content\/uploads\/2023\/10\/1-de-julio-2023-Plantacion-primer-arbol-4-300x300.jpg 300w, https:\/\/iran3037.cl\/web\/wp-content\/uploads\/2023\/10\/1-de-julio-2023-Plantacion-primer-arbol-4-150x150.jpg 150w, https:\/\/iran3037.cl\/web\/wp-content\/uploads\/2023\/10\/1-de-julio-2023-Plantacion-primer-arbol-4-768x768.jpg 768w, https:\/\/iran3037.cl\/web\/wp-content\/uploads\/2023\/10\/1-de-julio-2023-Plantacion-primer-arbol-4.jpg 1496w\" sizes=\"auto, (max-width: 1024px) 100vw, 1024px\" \/><\/a><\/figure>\n\n\n\n<figure class=\"wp-block-image size-large\"><a href=\"https:\/\/iran3037.cl\/web\/wp-content\/uploads\/2023\/10\/1-de-julio-2023-Plantacion-primer-arbol-5.jpg\"><img loading=\"lazy\" decoding=\"async\" width=\"1024\" height=\"1024\" data-id=\"904\" src=\"https:\/\/iran3037.cl\/web\/wp-content\/uploads\/2023\/10\/1-de-julio-2023-Plantacion-primer-arbol-5-1024x1024.jpg\" alt=\"\" class=\"wp-image-904\" srcset=\"https:\/\/iran3037.cl\/web\/wp-content\/uploads\/2023\/10\/1-de-julio-2023-Plantacion-primer-arbol-5-1024x1024.jpg 1024w, https:\/\/iran3037.cl\/web\/wp-content\/uploads\/2023\/10\/1-de-julio-2023-Plantacion-primer-arbol-5-300x300.jpg 300w, https:\/\/iran3037.cl\/web\/wp-content\/uploads\/2023\/10\/1-de-julio-2023-Plantacion-primer-arbol-5-150x150.jpg 150w, https:\/\/iran3037.cl\/web\/wp-content\/uploads\/2023\/10\/1-de-julio-2023-Plantacion-primer-arbol-5-768x768.jpg 768w, https:\/\/iran3037.cl\/web\/wp-content\/uploads\/2023\/10\/1-de-julio-2023-Plantacion-primer-arbol-5.jpg 1496w\" sizes=\"auto, (max-width: 1024px) 100vw, 1024px\" \/><\/a><\/figure>\n\n\n\n<figure class=\"wp-block-image size-large\"><a href=\"https:\/\/iran3037.cl\/web\/wp-content\/uploads\/2023\/10\/1-de-julio-2023-Plantacion-primer-arbol-6.jpg\"><img loading=\"lazy\" decoding=\"async\" width=\"1024\" height=\"1024\" data-id=\"905\" src=\"https:\/\/iran3037.cl\/web\/wp-content\/uploads\/2023\/10\/1-de-julio-2023-Plantacion-primer-arbol-6-1024x1024.jpg\" alt=\"\" class=\"wp-image-905\" srcset=\"https:\/\/iran3037.cl\/web\/wp-content\/uploads\/2023\/10\/1-de-julio-2023-Plantacion-primer-arbol-6-1024x1024.jpg 1024w, https:\/\/iran3037.cl\/web\/wp-content\/uploads\/2023\/10\/1-de-julio-2023-Plantacion-primer-arbol-6-300x300.jpg 300w, https:\/\/iran3037.cl\/web\/wp-content\/uploads\/2023\/10\/1-de-julio-2023-Plantacion-primer-arbol-6-150x150.jpg 150w, https:\/\/iran3037.cl\/web\/wp-content\/uploads\/2023\/10\/1-de-julio-2023-Plantacion-primer-arbol-6-768x768.jpg 768w, https:\/\/iran3037.cl\/web\/wp-content\/uploads\/2023\/10\/1-de-julio-2023-Plantacion-primer-arbol-6.jpg 1496w\" sizes=\"auto, (max-width: 1024px) 100vw, 1024px\" \/><\/a><\/figure>\n\n\n\n<figure class=\"wp-block-image size-large\"><a href=\"https:\/\/iran3037.cl\/web\/wp-content\/uploads\/2023\/10\/1-de-julio-2023-Plantacion-primer-arbol-7.jpg\"><img loading=\"lazy\" decoding=\"async\" width=\"1024\" height=\"1024\" data-id=\"906\" src=\"https:\/\/iran3037.cl\/web\/wp-content\/uploads\/2023\/10\/1-de-julio-2023-Plantacion-primer-arbol-7-1024x1024.jpg\" alt=\"\" class=\"wp-image-906\" srcset=\"https:\/\/iran3037.cl\/web\/wp-content\/uploads\/2023\/10\/1-de-julio-2023-Plantacion-primer-arbol-7-1024x1024.jpg 1024w, https:\/\/iran3037.cl\/web\/wp-content\/uploads\/2023\/10\/1-de-julio-2023-Plantacion-primer-arbol-7-300x300.jpg 300w, https:\/\/iran3037.cl\/web\/wp-content\/uploads\/2023\/10\/1-de-julio-2023-Plantacion-primer-arbol-7-150x150.jpg 150w, https:\/\/iran3037.cl\/web\/wp-content\/uploads\/2023\/10\/1-de-julio-2023-Plantacion-primer-arbol-7-768x768.jpg 768w, https:\/\/iran3037.cl\/web\/wp-content\/uploads\/2023\/10\/1-de-julio-2023-Plantacion-primer-arbol-7.jpg 1496w\" sizes=\"auto, (max-width: 1024px) 100vw, 1024px\" \/><\/a><\/figure>\n\n\n\n<figure class=\"wp-block-image size-large\"><a href=\"https:\/\/iran3037.cl\/web\/wp-content\/uploads\/2023\/10\/1-de-julio-2023-Plantacion-primer-arbol-15.jpg\"><img loading=\"lazy\" decoding=\"async\" width=\"1024\" height=\"1024\" data-id=\"914\" src=\"https:\/\/iran3037.cl\/web\/wp-content\/uploads\/2023\/10\/1-de-julio-2023-Plantacion-primer-arbol-15-1024x1024.jpg\" alt=\"\" class=\"wp-image-914\" srcset=\"https:\/\/iran3037.cl\/web\/wp-content\/uploads\/2023\/10\/1-de-julio-2023-Plantacion-primer-arbol-15-1024x1024.jpg 1024w, https:\/\/iran3037.cl\/web\/wp-content\/uploads\/2023\/10\/1-de-julio-2023-Plantacion-primer-arbol-15-300x300.jpg 300w, https:\/\/iran3037.cl\/web\/wp-content\/uploads\/2023\/10\/1-de-julio-2023-Plantacion-primer-arbol-15-150x150.jpg 150w, https:\/\/iran3037.cl\/web\/wp-content\/uploads\/2023\/10\/1-de-julio-2023-Plantacion-primer-arbol-15-768x768.jpg 768w, https:\/\/iran3037.cl\/web\/wp-content\/uploads\/2023\/10\/1-de-julio-2023-Plantacion-primer-arbol-15.jpg 1496w\" sizes=\"auto, (max-width: 1024px) 100vw, 1024px\" \/><\/a><\/figure>\n\n\n\n<figure class=\"wp-block-image size-large\"><a href=\"https:\/\/iran3037.cl\/web\/wp-content\/uploads\/2023\/10\/1-de-julio-2023-Plantacion-primer-arbol-14.jpg\"><img loading=\"lazy\" decoding=\"async\" width=\"1024\" height=\"1024\" data-id=\"913\" src=\"https:\/\/iran3037.cl\/web\/wp-content\/uploads\/2023\/10\/1-de-julio-2023-Plantacion-primer-arbol-14-1024x1024.jpg\" alt=\"\" class=\"wp-image-913\" srcset=\"https:\/\/iran3037.cl\/web\/wp-content\/uploads\/2023\/10\/1-de-julio-2023-Plantacion-primer-arbol-14-1024x1024.jpg 1024w, https:\/\/iran3037.cl\/web\/wp-content\/uploads\/2023\/10\/1-de-julio-2023-Plantacion-primer-arbol-14-300x300.jpg 300w, https:\/\/iran3037.cl\/web\/wp-content\/uploads\/2023\/10\/1-de-julio-2023-Plantacion-primer-arbol-14-150x150.jpg 150w, https:\/\/iran3037.cl\/web\/wp-content\/uploads\/2023\/10\/1-de-julio-2023-Plantacion-primer-arbol-14-768x768.jpg 768w, https:\/\/iran3037.cl\/web\/wp-content\/uploads\/2023\/10\/1-de-julio-2023-Plantacion-primer-arbol-14.jpg 1496w\" sizes=\"auto, (max-width: 1024px) 100vw, 1024px\" \/><\/a><\/figure>\n\n\n\n<figure class=\"wp-block-image size-large\"><a href=\"https:\/\/iran3037.cl\/web\/wp-content\/uploads\/2023\/10\/1-de-julio-2023-Plantacion-primer-arbol-13.jpg\"><img loading=\"lazy\" decoding=\"async\" width=\"1024\" height=\"1024\" data-id=\"912\" src=\"https:\/\/iran3037.cl\/web\/wp-content\/uploads\/2023\/10\/1-de-julio-2023-Plantacion-primer-arbol-13-1024x1024.jpg\" alt=\"\" class=\"wp-image-912\" srcset=\"https:\/\/iran3037.cl\/web\/wp-content\/uploads\/2023\/10\/1-de-julio-2023-Plantacion-primer-arbol-13-1024x1024.jpg 1024w, https:\/\/iran3037.cl\/web\/wp-content\/uploads\/2023\/10\/1-de-julio-2023-Plantacion-primer-arbol-13-300x300.jpg 300w, https:\/\/iran3037.cl\/web\/wp-content\/uploads\/2023\/10\/1-de-julio-2023-Plantacion-primer-arbol-13-150x150.jpg 150w, https:\/\/iran3037.cl\/web\/wp-content\/uploads\/2023\/10\/1-de-julio-2023-Plantacion-primer-arbol-13-768x768.jpg 768w, https:\/\/iran3037.cl\/web\/wp-content\/uploads\/2023\/10\/1-de-julio-2023-Plantacion-primer-arbol-13.jpg 1496w\" sizes=\"auto, (max-width: 1024px) 100vw, 1024px\" \/><\/a><\/figure>\n\n\n\n<figure class=\"wp-block-image size-large\"><a href=\"https:\/\/iran3037.cl\/web\/wp-content\/uploads\/2023\/10\/1-de-julio-2023-Plantacion-primer-arbol-12.jpg\"><img loading=\"lazy\" decoding=\"async\" width=\"1024\" height=\"1024\" data-id=\"911\" src=\"https:\/\/iran3037.cl\/web\/wp-content\/uploads\/2023\/10\/1-de-julio-2023-Plantacion-primer-arbol-12-1024x1024.jpg\" alt=\"\" class=\"wp-image-911\" srcset=\"https:\/\/iran3037.cl\/web\/wp-content\/uploads\/2023\/10\/1-de-julio-2023-Plantacion-primer-arbol-12-1024x1024.jpg 1024w, https:\/\/iran3037.cl\/web\/wp-content\/uploads\/2023\/10\/1-de-julio-2023-Plantacion-primer-arbol-12-300x300.jpg 300w, https:\/\/iran3037.cl\/web\/wp-content\/uploads\/2023\/10\/1-de-julio-2023-Plantacion-primer-arbol-12-150x150.jpg 150w, https:\/\/iran3037.cl\/web\/wp-content\/uploads\/2023\/10\/1-de-julio-2023-Plantacion-primer-arbol-12-768x768.jpg 768w, https:\/\/iran3037.cl\/web\/wp-content\/uploads\/2023\/10\/1-de-julio-2023-Plantacion-primer-arbol-12.jpg 1496w\" sizes=\"auto, (max-width: 1024px) 100vw, 1024px\" \/><\/a><\/figure>\n\n\n\n<figure class=\"wp-block-image size-large\"><a href=\"https:\/\/iran3037.cl\/web\/wp-content\/uploads\/2023\/10\/1-de-julio-2023-Plantacion-primer-arbol-11.jpg\"><img loading=\"lazy\" decoding=\"async\" width=\"1024\" height=\"469\" data-id=\"910\" src=\"https:\/\/iran3037.cl\/web\/wp-content\/uploads\/2023\/10\/1-de-julio-2023-Plantacion-primer-arbol-11-1024x469.jpg\" alt=\"\" class=\"wp-image-910\" srcset=\"https:\/\/iran3037.cl\/web\/wp-content\/uploads\/2023\/10\/1-de-julio-2023-Plantacion-primer-arbol-11-1024x469.jpg 1024w, https:\/\/iran3037.cl\/web\/wp-content\/uploads\/2023\/10\/1-de-julio-2023-Plantacion-primer-arbol-11-300x137.jpg 300w, https:\/\/iran3037.cl\/web\/wp-content\/uploads\/2023\/10\/1-de-julio-2023-Plantacion-primer-arbol-11-768x352.jpg 768w, https:\/\/iran3037.cl\/web\/wp-content\/uploads\/2023\/10\/1-de-julio-2023-Plantacion-primer-arbol-11-500x229.jpg 500w, https:\/\/iran3037.cl\/web\/wp-content\/uploads\/2023\/10\/1-de-julio-2023-Plantacion-primer-arbol-11.jpg 1496w\" sizes=\"auto, (max-width: 1024px) 100vw, 1024px\" \/><\/a><\/figure>\n\n\n\n<figure class=\"wp-block-image size-large\"><a href=\"https:\/\/iran3037.cl\/web\/wp-content\/uploads\/2023\/10\/1-de-julio-2023-Plantacion-primer-arbol-10.jpg\"><img loading=\"lazy\" decoding=\"async\" width=\"1024\" height=\"1024\" data-id=\"909\" src=\"https:\/\/iran3037.cl\/web\/wp-content\/uploads\/2023\/10\/1-de-julio-2023-Plantacion-primer-arbol-10-1024x1024.jpg\" alt=\"\" class=\"wp-image-909\" srcset=\"https:\/\/iran3037.cl\/web\/wp-content\/uploads\/2023\/10\/1-de-julio-2023-Plantacion-primer-arbol-10-1024x1024.jpg 1024w, https:\/\/iran3037.cl\/web\/wp-content\/uploads\/2023\/10\/1-de-julio-2023-Plantacion-primer-arbol-10-300x300.jpg 300w, https:\/\/iran3037.cl\/web\/wp-content\/uploads\/2023\/10\/1-de-julio-2023-Plantacion-primer-arbol-10-150x150.jpg 150w, https:\/\/iran3037.cl\/web\/wp-content\/uploads\/2023\/10\/1-de-julio-2023-Plantacion-primer-arbol-10-768x768.jpg 768w, https:\/\/iran3037.cl\/web\/wp-content\/uploads\/2023\/10\/1-de-julio-2023-Plantacion-primer-arbol-10.jpg 1496w\" sizes=\"auto, (max-width: 1024px) 100vw, 1024px\" \/><\/a><\/figure>\n\n\n\n<figure class=\"wp-block-image size-large\"><a href=\"https:\/\/iran3037.cl\/web\/wp-content\/uploads\/2023\/10\/1-de-julio-2023-Plantacion-primer-arbol-9.jpg\"><img loading=\"lazy\" decoding=\"async\" width=\"1024\" height=\"1024\" data-id=\"908\" src=\"https:\/\/iran3037.cl\/web\/wp-content\/uploads\/2023\/10\/1-de-julio-2023-Plantacion-primer-arbol-9-1024x1024.jpg\" alt=\"\" class=\"wp-image-908\" srcset=\"https:\/\/iran3037.cl\/web\/wp-content\/uploads\/2023\/10\/1-de-julio-2023-Plantacion-primer-arbol-9-1024x1024.jpg 1024w, https:\/\/iran3037.cl\/web\/wp-content\/uploads\/2023\/10\/1-de-julio-2023-Plantacion-primer-arbol-9-300x300.jpg 300w, https:\/\/iran3037.cl\/web\/wp-content\/uploads\/2023\/10\/1-de-julio-2023-Plantacion-primer-arbol-9-150x150.jpg 150w, https:\/\/iran3037.cl\/web\/wp-content\/uploads\/2023\/10\/1-de-julio-2023-Plantacion-primer-arbol-9-768x768.jpg 768w, https:\/\/iran3037.cl\/web\/wp-content\/uploads\/2023\/10\/1-de-julio-2023-Plantacion-primer-arbol-9.jpg 1496w\" sizes=\"auto, (max-width: 1024px) 100vw, 1024px\" \/><\/a><\/figure>\n\n\n\n<figure class=\"wp-block-image size-large\"><a href=\"https:\/\/iran3037.cl\/web\/wp-content\/uploads\/2023\/10\/1-de-julio-2023-Plantacion-primer-arbol-8.jpg\"><img loading=\"lazy\" decoding=\"async\" width=\"1024\" height=\"1024\" data-id=\"907\" src=\"https:\/\/iran3037.cl\/web\/wp-content\/uploads\/2023\/10\/1-de-julio-2023-Plantacion-primer-arbol-8-1024x1024.jpg\" alt=\"\" class=\"wp-image-907\" srcset=\"https:\/\/iran3037.cl\/web\/wp-content\/uploads\/2023\/10\/1-de-julio-2023-Plantacion-primer-arbol-8-1024x1024.jpg 1024w, https:\/\/iran3037.cl\/web\/wp-content\/uploads\/2023\/10\/1-de-julio-2023-Plantacion-primer-arbol-8-300x300.jpg 300w, https:\/\/iran3037.cl\/web\/wp-content\/uploads\/2023\/10\/1-de-julio-2023-Plantacion-primer-arbol-8-150x150.jpg 150w, https:\/\/iran3037.cl\/web\/wp-content\/uploads\/2023\/10\/1-de-julio-2023-Plantacion-primer-arbol-8-768x768.jpg 768w, https:\/\/iran3037.cl\/web\/wp-content\/uploads\/2023\/10\/1-de-julio-2023-Plantacion-primer-arbol-8.jpg 1496w\" sizes=\"auto, (max-width: 1024px) 100vw, 1024px\" \/><\/a><\/figure>\n<\/figure>\n\n\n\n<p><strong>FUENTE: <a href=\"https:\/\/www.biobiochile.cl\/noticias\/artes-y-cultura\/actualidad-cultural\/2023\/07\/04\/arboles-por-la-memoria-plantan-quillay-frente-a-ex-centro-de-tortura-en-memoria-de-victimas.shtml\">RADIO BIO BIO<\/a><\/strong><\/p>\n","protected":false},"excerpt":{"rendered":"<p>Martes 04 julio de 2023<\/p>\n","protected":false},"author":3,"featured_media":915,"comment_status":"closed","ping_status":"closed","sticky":false,"template":"","format":"standard","meta":{"om_disable_all_campaigns":false,"_eb_attr":"","_uag_custom_page_level_css":"","_monsterinsights_skip_tracking":false,"_monsterinsights_sitenote_active":false,"_monsterinsights_sitenote_note":"","_monsterinsights_sitenote_category":0,"iawp_total_views":18,"footnotes":""},"categories":[8,1],"tags":[],"class_list":["post-898","post","type-post","status-publish","format-standard","has-post-thumbnail","hentry","category-fotografias","category-sin-categoria"],"aioseo_notices":[],"uagb_featured_image_src":{"full":["https:\/\/iran3037.cl\/web\/wp-content\/uploads\/2023\/10\/1-de-julio-2023-Plantacion-primer-arbol-16.jpg",1496,1496,false],"thumbnail":["https:\/\/iran3037.cl\/web\/wp-content\/uploads\/2023\/10\/1-de-julio-2023-Plantacion-primer-arbol-16-150x150.jpg",150,150,true],"medium":["https:\/\/iran3037.cl\/web\/wp-content\/uploads\/2023\/10\/1-de-julio-2023-Plantacion-primer-arbol-16-300x300.jpg",300,300,true],"medium_large":["https:\/\/iran3037.cl\/web\/wp-content\/uploads\/2023\/10\/1-de-julio-2023-Plantacion-primer-arbol-16-768x768.jpg",640,640,true],"large":["https:\/\/iran3037.cl\/web\/wp-content\/uploads\/2023\/10\/1-de-julio-2023-Plantacion-primer-arbol-16-1024x1024.jpg",640,640,true],"1536x1536":["https:\/\/iran3037.cl\/web\/wp-content\/uploads\/2023\/10\/1-de-julio-2023-Plantacion-primer-arbol-16.jpg",1496,1496,false],"2048x2048":["https:\/\/iran3037.cl\/web\/wp-content\/uploads\/2023\/10\/1-de-julio-2023-Plantacion-primer-arbol-16.jpg",1496,1496,false],"morenews-large":["https:\/\/iran3037.cl\/web\/wp-content\/uploads\/2023\/10\/1-de-julio-2023-Plantacion-primer-arbol-16.jpg",575,575,false],"morenews-medium":["https:\/\/iran3037.cl\/web\/wp-content\/uploads\/2023\/10\/1-de-julio-2023-Plantacion-primer-arbol-16.jpg",410,410,false]},"uagb_author_info":{"display_name":"Editor","author_link":"https:\/\/iran3037.cl\/web\/author\/zeta\/"},"uagb_comment_info":0,"uagb_excerpt":"Martes 04 julio de 2023","_links":{"self":[{"href":"https:\/\/iran3037.cl\/web\/wp-json\/wp\/v2\/posts\/898","targetHints":{"allow":["GET"]}}],"collection":[{"href":"https:\/\/iran3037.cl\/web\/wp-json\/wp\/v2\/posts"}],"about":[{"href":"https:\/\/iran3037.cl\/web\/wp-json\/wp\/v2\/types\/post"}],"author":[{"embeddable":true,"href":"https:\/\/iran3037.cl\/web\/wp-json\/wp\/v2\/users\/3"}],"replies":[{"embeddable":true,"href":"https:\/\/iran3037.cl\/web\/wp-json\/wp\/v2\/comments?post=898"}],"version-history":[{"count":2,"href":"https:\/\/iran3037.cl\/web\/wp-json\/wp\/v2\/posts\/898\/revisions"}],"predecessor-version":[{"id":917,"href":"https:\/\/iran3037.cl\/web\/wp-json\/wp\/v2\/posts\/898\/revisions\/917"}],"wp:featuredmedia":[{"embeddable":true,"href":"https:\/\/iran3037.cl\/web\/wp-json\/wp\/v2\/media\/915"}],"wp:attachment":[{"href":"https:\/\/iran3037.cl\/web\/wp-json\/wp\/v2\/media?parent=898"}],"wp:term":[{"taxonomy":"category","embeddable":true,"href":"https:\/\/iran3037.cl\/web\/wp-json\/wp\/v2\/categories?post=898"},{"taxonomy":"post_tag","embeddable":true,"href":"https:\/\/iran3037.cl\/web\/wp-json\/wp\/v2\/tags?post=898"}],"curies":[{"name":"wp","href":"https:\/\/api.w.org\/{rel}","templated":true}]}}