{"id":22105,"date":"2026-09-03T12:49:15","date_gmt":"2026-09-03T12:49:15","guid":{"rendered":"https:\/\/iran3037.cl\/web\/?p=22105"},"modified":"2026-09-03T12:49:18","modified_gmt":"2026-09-03T12:49:18","slug":"cuando-la-musica-se-convierte-en-memoria","status":"publish","type":"post","link":"https:\/\/iran3037.cl\/web\/cuando-la-musica-se-convierte-en-memoria\/","title":{"rendered":"Cuando la m\u00fasica se convierte en memoria"},"content":{"rendered":"\n<p class=\"wp-block-paragraph\">Con una interpretaci\u00f3n profundamente emotiva, el <a href=\"https:\/\/www.instagram.com\/duoriveradepablo\/\">D\u00fao Rivera de Pablo<\/a> llen\u00f3 de m\u00fasica y sentimiento el acto de Conmemoraci\u00f3n del D\u00eda por las V\u00edctimas de Desaparici\u00f3n Forzada 2026, convirtiendo cada nota en un abrazo a la memoria y a quienes a\u00fan seguimos esperando verdad y justicia.<\/p>\n\n\n\n<p class=\"wp-block-paragraph\"><\/p>\n\n\n\n<figure class=\"wp-block-embed is-type-video is-provider-youtube wp-block-embed-youtube wp-embed-aspect-16-9 wp-has-aspect-ratio\"><div class=\"wp-block-embed__wrapper\">\n<iframe loading=\"lazy\" title=\"Monica de Pablo y Sebasti\u00e1n Rivera. Acto en Sitio de Memoria Ir\u00e1n 3037.\" width=\"640\" height=\"360\" src=\"https:\/\/www.youtube.com\/embed\/lxAHlTfIAkk?feature=oembed\" frameborder=\"0\" allow=\"accelerometer; autoplay; clipboard-write; encrypted-media; gyroscope; picture-in-picture; web-share\" referrerpolicy=\"strict-origin-when-cross-origin\" allowfullscreen><\/iframe>\n<\/div><figcaption class=\"wp-element-caption\">M\u00f3nica de Pablo y Sebasti\u00e1n Rivera. Acto en Sitio de Memoria Ir\u00e1n 3037.<\/figcaption><\/figure>\n","protected":false},"excerpt":{"rendered":"<p>Con una interpretaci\u00f3n profundamente emotiva, el D\u00fao Rivera de Pablo llen\u00f3 de m\u00fasica y sentimiento el acto de<\/p>\n","protected":false},"author":3,"featured_media":22106,"comment_status":"closed","ping_status":"closed","sticky":false,"template":"","format":"standard","meta":{"om_disable_all_campaigns":false,"_eb_attr":"","_uag_custom_page_level_css":"","_monsterinsights_skip_tracking":false,"iawp_total_views":41,"footnotes":""},"categories":[1],"tags":[],"class_list":["post-22105","post","type-post","status-publish","format-standard","has-post-thumbnail","hentry","category-sin-categoria"],"aioseo_notices":[],"aioseo_head":"\n\t\t<!-- All in One SEO 5.0.1.1 - aioseo.com -->\n\t<meta name=\"description\" content=\"Con una interpretaci\u00f3n profundamente emotiva, el D\u00fao Rivera de Pablo llen\u00f3 de m\u00fasica y sentimiento el acto de Conmemoraci\u00f3n del D\u00eda por las V\u00edctimas de Desaparici\u00f3n Forzada 2026, convirtiendo cada nota en un abrazo a la memoria y a quienes a\u00fan seguimos esperando verdad y justicia.\" \/>\n\t<meta name=\"robots\" content=\"max-image-preview:large\" \/>\n\t<meta name=\"author\" content=\"Editor\"\/>\n\t<meta name=\"google-site-verification\" content=\"qEAyNUSNXyg8KiobUrbyIfaaaIY3P_e7e2X6JQgfe88\" \/>\n\t<link rel=\"canonical\" href=\"https:\/\/iran3037.cl\/web\/cuando-la-musica-se-convierte-en-memoria\/\" \/>\n\t<meta name=\"generator\" content=\"All in One SEO (AIOSEO) 5.0.1.1\" \/>\n\t\t<meta property=\"og:locale\" content=\"es_ES\" \/>\n\t\t<meta property=\"og:site_name\" content=\"-\" \/>\n\t\t<meta property=\"og:type\" content=\"article\" \/>\n\t\t<meta property=\"og:title\" content=\"Cuando la m\u00fasica se convierte en memoria -\" \/>\n\t\t<meta property=\"og:description\" content=\"Con una interpretaci\u00f3n profundamente emotiva, el D\u00fao Rivera de Pablo llen\u00f3 de m\u00fasica y sentimiento el acto de Conmemoraci\u00f3n del D\u00eda por las V\u00edctimas de Desaparici\u00f3n Forzada 2026, convirtiendo cada nota en un abrazo a la memoria y a quienes a\u00fan seguimos esperando verdad y justicia.\" \/>\n\t\t<meta property=\"og:url\" content=\"https:\/\/iran3037.cl\/web\/cuando-la-musica-se-convierte-en-memoria\/\" \/>\n\t\t<meta property=\"og:image\" content=\"https:\/\/iran3037.cl\/web\/wp-content\/uploads\/2026\/09\/Copia-de-anja-31.png\" \/>\n\t\t<meta property=\"og:image:secure_url\" content=\"https:\/\/iran3037.cl\/web\/wp-content\/uploads\/2026\/09\/Copia-de-anja-31.png\" \/>\n\t\t<meta property=\"og:image:width\" content=\"1200\" \/>\n\t\t<meta property=\"og:image:height\" content=\"800\" \/>\n\t\t<meta property=\"article:published_time\" content=\"2026-09-03T12:49:15+00:00\" \/>\n\t\t<meta property=\"article:modified_time\" content=\"2026-09-03T12:49:18+00:00\" \/>\n\t\t<meta name=\"twitter:card\" content=\"summary_large_image\" \/>\n\t\t<meta name=\"twitter:title\" content=\"Cuando la m\u00fasica se convierte en memoria -\" \/>\n\t\t<meta name=\"twitter:description\" content=\"Con una interpretaci\u00f3n profundamente emotiva, el D\u00fao Rivera de Pablo llen\u00f3 de m\u00fasica y sentimiento el acto de Conmemoraci\u00f3n del D\u00eda por las V\u00edctimas de Desaparici\u00f3n Forzada 2026, convirtiendo cada nota en un abrazo a la memoria y a quienes a\u00fan seguimos esperando verdad y justicia.\" \/>\n\t\t<meta name=\"twitter:image\" content=\"https:\/\/iran3037.cl\/web\/wp-content\/uploads\/2026\/09\/Copia-de-anja-31.png\" \/>\n\t\t<script type=\"application\/ld+json\" class=\"aioseo-schema\">\n\t\t\t{\"@context\":\"https:\\\/\\\/schema.org\",\"@graph\":[{\"@type\":\"BlogPosting\",\"@id\":\"https:\\\/\\\/iran3037.cl\\\/web\\\/cuando-la-musica-se-convierte-en-memoria\\\/#blogposting\",\"name\":\"Cuando la m\\u00fasica se convierte en memoria -\",\"headline\":\"Cuando la m\\u00fasica se convierte en memoria\",\"author\":{\"@id\":\"https:\\\/\\\/iran3037.cl\\\/web\\\/author\\\/zeta\\\/#author\"},\"publisher\":{\"@id\":\"https:\\\/\\\/iran3037.cl\\\/web\\\/#organization\"},\"image\":{\"@type\":\"ImageObject\",\"url\":\"https:\\\/\\\/iran3037.cl\\\/web\\\/wp-content\\\/uploads\\\/2026\\\/09\\\/Copia-de-anja-31.png\",\"width\":1200,\"height\":800},\"datePublished\":\"2026-09-03T12:49:15+00:00\",\"dateModified\":\"2026-09-03T12:49:18+00:00\",\"inLanguage\":\"es-ES\",\"mainEntityOfPage\":{\"@id\":\"https:\\\/\\\/iran3037.cl\\\/web\\\/cuando-la-musica-se-convierte-en-memoria\\\/#webpage\"},\"isPartOf\":{\"@id\":\"https:\\\/\\\/iran3037.cl\\\/web\\\/cuando-la-musica-se-convierte-en-memoria\\\/#webpage\"},\"articleSection\":\"NOTICIAS\"},{\"@type\":\"BreadcrumbList\",\"@id\":\"https:\\\/\\\/iran3037.cl\\\/web\\\/cuando-la-musica-se-convierte-en-memoria\\\/#breadcrumblist\",\"itemListElement\":[{\"@type\":\"ListItem\",\"@id\":\"https:\\\/\\\/iran3037.cl\\\/web#listItem\",\"position\":1,\"name\":\"Hogar\",\"item\":\"https:\\\/\\\/iran3037.cl\\\/web\",\"nextItem\":{\"@type\":\"ListItem\",\"@id\":\"https:\\\/\\\/iran3037.cl\\\/web\\\/category\\\/inicio\\\/#listItem\",\"name\":\"INICIO\"}},{\"@type\":\"ListItem\",\"@id\":\"https:\\\/\\\/iran3037.cl\\\/web\\\/category\\\/inicio\\\/#listItem\",\"position\":2,\"name\":\"INICIO\",\"item\":\"https:\\\/\\\/iran3037.cl\\\/web\\\/category\\\/inicio\\\/\",\"nextItem\":{\"@type\":\"ListItem\",\"@id\":\"https:\\\/\\\/iran3037.cl\\\/web\\\/category\\\/inicio\\\/sin-categoria\\\/#listItem\",\"name\":\"NOTICIAS\"},\"previousItem\":{\"@type\":\"ListItem\",\"@id\":\"https:\\\/\\\/iran3037.cl\\\/web#listItem\",\"name\":\"Hogar\"}},{\"@type\":\"ListItem\",\"@id\":\"https:\\\/\\\/iran3037.cl\\\/web\\\/category\\\/inicio\\\/sin-categoria\\\/#listItem\",\"position\":3,\"name\":\"NOTICIAS\",\"item\":\"https:\\\/\\\/iran3037.cl\\\/web\\\/category\\\/inicio\\\/sin-categoria\\\/\",\"nextItem\":{\"@type\":\"ListItem\",\"@id\":\"https:\\\/\\\/iran3037.cl\\\/web\\\/cuando-la-musica-se-convierte-en-memoria\\\/#listItem\",\"name\":\"Cuando la m\\u00fasica se convierte en memoria\"},\"previousItem\":{\"@type\":\"ListItem\",\"@id\":\"https:\\\/\\\/iran3037.cl\\\/web\\\/category\\\/inicio\\\/#listItem\",\"name\":\"INICIO\"}},{\"@type\":\"ListItem\",\"@id\":\"https:\\\/\\\/iran3037.cl\\\/web\\\/cuando-la-musica-se-convierte-en-memoria\\\/#listItem\",\"position\":4,\"name\":\"Cuando la m\\u00fasica se convierte en memoria\",\"previousItem\":{\"@type\":\"ListItem\",\"@id\":\"https:\\\/\\\/iran3037.cl\\\/web\\\/category\\\/inicio\\\/sin-categoria\\\/#listItem\",\"name\":\"NOTICIAS\"}}]},{\"@type\":\"Organization\",\"@id\":\"https:\\\/\\\/iran3037.cl\\\/web\\\/#organization\",\"name\":\"Asociaci\\u00f3n de Memoria y Derechos Humanos Venda Sexy\",\"description\":\"La Asociaci\\u00f3n Venda Sexy, fundada en 2013, preserva la memoria de v\\u00edctimas de represi\\u00f3n estatal gestionando el ex centro de tortura \\\"Venda Sexy\\\" en Ir\\u00e1n 3037, Santiago. Enfoca en derechos humanos, g\\u00e9nero y justicia.\",\"url\":\"https:\\\/\\\/iran3037.cl\\\/web\\\/\",\"email\":\"sitiodememoriairan3037@gmail.com\",\"logo\":{\"@type\":\"ImageObject\",\"url\":\"https:\\\/\\\/iran3037.cl\\\/web\\\/wp-content\\\/uploads\\\/2013\\\/11\\\/logo_iran_fondo_blanco__1_-removebg-preview-300x225.png\",\"@id\":\"https:\\\/\\\/iran3037.cl\\\/web\\\/cuando-la-musica-se-convierte-en-memoria\\\/#organizationLogo\"},\"image\":{\"@id\":\"https:\\\/\\\/iran3037.cl\\\/web\\\/cuando-la-musica-se-convierte-en-memoria\\\/#organizationLogo\"},\"sameAs\":[\"https:\\\/\\\/www.instagram.com\\\/sitiodememoriairan3037\\\/\"]},{\"@type\":\"Person\",\"@id\":\"https:\\\/\\\/iran3037.cl\\\/web\\\/author\\\/zeta\\\/#author\",\"url\":\"https:\\\/\\\/iran3037.cl\\\/web\\\/author\\\/zeta\\\/\",\"name\":\"Editor\",\"image\":{\"@type\":\"ImageObject\",\"@id\":\"https:\\\/\\\/iran3037.cl\\\/web\\\/cuando-la-musica-se-convierte-en-memoria\\\/#authorImage\",\"url\":\"https:\\\/\\\/secure.gravatar.com\\\/avatar\\\/74271fcd0201e311909e9df88359fd9604a196ffca37b90cfc6ea05ebed6b6b7?s=96&d=mm&r=g\",\"width\":96,\"height\":96,\"caption\":\"Editor\"}},{\"@type\":\"WebPage\",\"@id\":\"https:\\\/\\\/iran3037.cl\\\/web\\\/cuando-la-musica-se-convierte-en-memoria\\\/#webpage\",\"url\":\"https:\\\/\\\/iran3037.cl\\\/web\\\/cuando-la-musica-se-convierte-en-memoria\\\/\",\"name\":\"Cuando la m\\u00fasica se convierte en memoria -\",\"description\":\"Con una interpretaci\\u00f3n profundamente emotiva, el D\\u00fao Rivera de Pablo llen\\u00f3 de m\\u00fasica y sentimiento el acto de Conmemoraci\\u00f3n del D\\u00eda por las V\\u00edctimas de Desaparici\\u00f3n Forzada 2026, convirtiendo cada nota en un abrazo a la memoria y a quienes a\\u00fan seguimos esperando verdad y justicia.\",\"inLanguage\":\"es-ES\",\"isPartOf\":{\"@id\":\"https:\\\/\\\/iran3037.cl\\\/web\\\/#website\"},\"breadcrumb\":{\"@id\":\"https:\\\/\\\/iran3037.cl\\\/web\\\/cuando-la-musica-se-convierte-en-memoria\\\/#breadcrumblist\"},\"author\":{\"@id\":\"https:\\\/\\\/iran3037.cl\\\/web\\\/author\\\/zeta\\\/#author\"},\"creator\":{\"@id\":\"https:\\\/\\\/iran3037.cl\\\/web\\\/author\\\/zeta\\\/#author\"},\"image\":{\"@type\":\"ImageObject\",\"url\":\"https:\\\/\\\/iran3037.cl\\\/web\\\/wp-content\\\/uploads\\\/2026\\\/09\\\/Copia-de-anja-31.png\",\"@id\":\"https:\\\/\\\/iran3037.cl\\\/web\\\/cuando-la-musica-se-convierte-en-memoria\\\/#mainImage\",\"width\":1200,\"height\":800},\"primaryImageOfPage\":{\"@id\":\"https:\\\/\\\/iran3037.cl\\\/web\\\/cuando-la-musica-se-convierte-en-memoria\\\/#mainImage\"},\"datePublished\":\"2026-09-03T12:49:15+00:00\",\"dateModified\":\"2026-09-03T12:49:18+00:00\"},{\"@type\":\"WebSite\",\"@id\":\"https:\\\/\\\/iran3037.cl\\\/web\\\/#website\",\"url\":\"https:\\\/\\\/iran3037.cl\\\/web\\\/\",\"inLanguage\":\"es-ES\",\"publisher\":{\"@id\":\"https:\\\/\\\/iran3037.cl\\\/web\\\/#organization\"}}]}\n\t\t<\/script>\n\t\t<!-- All in One SEO -->\n\n","aioseo_head_json":{"title":"Cuando la m\u00fasica se convierte en memoria -","description":"Con una interpretaci\u00f3n profundamente emotiva, el D\u00fao Rivera de Pablo llen\u00f3 de m\u00fasica y sentimiento el acto de Conmemoraci\u00f3n del D\u00eda por las V\u00edctimas de Desaparici\u00f3n Forzada 2026, convirtiendo cada nota en un abrazo a la memoria y a quienes a\u00fan seguimos esperando verdad y justicia.","canonical_url":"https:\/\/iran3037.cl\/web\/cuando-la-musica-se-convierte-en-memoria\/","robots":"max-image-preview:large","keywords":"","webmasterTools":{"google-site-verification":"qEAyNUSNXyg8KiobUrbyIfaaaIY3P_e7e2X6JQgfe88","miscellaneous":""},"schema":{"@context":"https:\/\/schema.org","@graph":[{"@type":"BlogPosting","@id":"https:\/\/iran3037.cl\/web\/cuando-la-musica-se-convierte-en-memoria\/#blogposting","name":"Cuando la m\u00fasica se convierte en memoria -","headline":"Cuando la m\u00fasica se convierte en memoria","author":{"@id":"https:\/\/iran3037.cl\/web\/author\/zeta\/#author"},"publisher":{"@id":"https:\/\/iran3037.cl\/web\/#organization"},"image":{"@type":"ImageObject","url":"https:\/\/iran3037.cl\/web\/wp-content\/uploads\/2026\/09\/Copia-de-anja-31.png","width":1200,"height":800},"datePublished":"2026-09-03T12:49:15+00:00","dateModified":"2026-09-03T12:49:18+00:00","inLanguage":"es-ES","mainEntityOfPage":{"@id":"https:\/\/iran3037.cl\/web\/cuando-la-musica-se-convierte-en-memoria\/#webpage"},"isPartOf":{"@id":"https:\/\/iran3037.cl\/web\/cuando-la-musica-se-convierte-en-memoria\/#webpage"},"articleSection":"NOTICIAS"},{"@type":"BreadcrumbList","@id":"https:\/\/iran3037.cl\/web\/cuando-la-musica-se-convierte-en-memoria\/#breadcrumblist","itemListElement":[{"@type":"ListItem","@id":"https:\/\/iran3037.cl\/web#listItem","position":1,"name":"Hogar","item":"https:\/\/iran3037.cl\/web","nextItem":{"@type":"ListItem","@id":"https:\/\/iran3037.cl\/web\/category\/inicio\/#listItem","name":"INICIO"}},{"@type":"ListItem","@id":"https:\/\/iran3037.cl\/web\/category\/inicio\/#listItem","position":2,"name":"INICIO","item":"https:\/\/iran3037.cl\/web\/category\/inicio\/","nextItem":{"@type":"ListItem","@id":"https:\/\/iran3037.cl\/web\/category\/inicio\/sin-categoria\/#listItem","name":"NOTICIAS"},"previousItem":{"@type":"ListItem","@id":"https:\/\/iran3037.cl\/web#listItem","name":"Hogar"}},{"@type":"ListItem","@id":"https:\/\/iran3037.cl\/web\/category\/inicio\/sin-categoria\/#listItem","position":3,"name":"NOTICIAS","item":"https:\/\/iran3037.cl\/web\/category\/inicio\/sin-categoria\/","nextItem":{"@type":"ListItem","@id":"https:\/\/iran3037.cl\/web\/cuando-la-musica-se-convierte-en-memoria\/#listItem","name":"Cuando la m\u00fasica se convierte en memoria"},"previousItem":{"@type":"ListItem","@id":"https:\/\/iran3037.cl\/web\/category\/inicio\/#listItem","name":"INICIO"}},{"@type":"ListItem","@id":"https:\/\/iran3037.cl\/web\/cuando-la-musica-se-convierte-en-memoria\/#listItem","position":4,"name":"Cuando la m\u00fasica se convierte en memoria","previousItem":{"@type":"ListItem","@id":"https:\/\/iran3037.cl\/web\/category\/inicio\/sin-categoria\/#listItem","name":"NOTICIAS"}}]},{"@type":"Organization","@id":"https:\/\/iran3037.cl\/web\/#organization","name":"Asociaci\u00f3n de Memoria y Derechos Humanos Venda Sexy","description":"La Asociaci\u00f3n Venda Sexy, fundada en 2013, preserva la memoria de v\u00edctimas de represi\u00f3n estatal gestionando el ex centro de tortura \"Venda Sexy\" en Ir\u00e1n 3037, Santiago. Enfoca en derechos humanos, g\u00e9nero y justicia.","url":"https:\/\/iran3037.cl\/web\/","email":"sitiodememoriairan3037@gmail.com","logo":{"@type":"ImageObject","url":"https:\/\/iran3037.cl\/web\/wp-content\/uploads\/2013\/11\/logo_iran_fondo_blanco__1_-removebg-preview-300x225.png","@id":"https:\/\/iran3037.cl\/web\/cuando-la-musica-se-convierte-en-memoria\/#organizationLogo"},"image":{"@id":"https:\/\/iran3037.cl\/web\/cuando-la-musica-se-convierte-en-memoria\/#organizationLogo"},"sameAs":["https:\/\/www.instagram.com\/sitiodememoriairan3037\/"]},{"@type":"Person","@id":"https:\/\/iran3037.cl\/web\/author\/zeta\/#author","url":"https:\/\/iran3037.cl\/web\/author\/zeta\/","name":"Editor","image":{"@type":"ImageObject","@id":"https:\/\/iran3037.cl\/web\/cuando-la-musica-se-convierte-en-memoria\/#authorImage","url":"https:\/\/secure.gravatar.com\/avatar\/74271fcd0201e311909e9df88359fd9604a196ffca37b90cfc6ea05ebed6b6b7?s=96&d=mm&r=g","width":96,"height":96,"caption":"Editor"}},{"@type":"WebPage","@id":"https:\/\/iran3037.cl\/web\/cuando-la-musica-se-convierte-en-memoria\/#webpage","url":"https:\/\/iran3037.cl\/web\/cuando-la-musica-se-convierte-en-memoria\/","name":"Cuando la m\u00fasica se convierte en memoria -","description":"Con una interpretaci\u00f3n profundamente emotiva, el D\u00fao Rivera de Pablo llen\u00f3 de m\u00fasica y sentimiento el acto de Conmemoraci\u00f3n del D\u00eda por las V\u00edctimas de Desaparici\u00f3n Forzada 2026, convirtiendo cada nota en un abrazo a la memoria y a quienes a\u00fan seguimos esperando verdad y justicia.","inLanguage":"es-ES","isPartOf":{"@id":"https:\/\/iran3037.cl\/web\/#website"},"breadcrumb":{"@id":"https:\/\/iran3037.cl\/web\/cuando-la-musica-se-convierte-en-memoria\/#breadcrumblist"},"author":{"@id":"https:\/\/iran3037.cl\/web\/author\/zeta\/#author"},"creator":{"@id":"https:\/\/iran3037.cl\/web\/author\/zeta\/#author"},"image":{"@type":"ImageObject","url":"https:\/\/iran3037.cl\/web\/wp-content\/uploads\/2026\/09\/Copia-de-anja-31.png","@id":"https:\/\/iran3037.cl\/web\/cuando-la-musica-se-convierte-en-memoria\/#mainImage","width":1200,"height":800},"primaryImageOfPage":{"@id":"https:\/\/iran3037.cl\/web\/cuando-la-musica-se-convierte-en-memoria\/#mainImage"},"datePublished":"2026-09-03T12:49:15+00:00","dateModified":"2026-09-03T12:49:18+00:00"},{"@type":"WebSite","@id":"https:\/\/iran3037.cl\/web\/#website","url":"https:\/\/iran3037.cl\/web\/","inLanguage":"es-ES","publisher":{"@id":"https:\/\/iran3037.cl\/web\/#organization"}}]},"og:locale":"es_ES","og:site_name":"-","og:type":"article","og:title":"Cuando la m\u00fasica se convierte en memoria -","og:description":"Con una interpretaci\u00f3n profundamente emotiva, el D\u00fao Rivera de Pablo llen\u00f3 de m\u00fasica y sentimiento el acto de Conmemoraci\u00f3n del D\u00eda por las V\u00edctimas de Desaparici\u00f3n Forzada 2026, convirtiendo cada nota en un abrazo a la memoria y a quienes a\u00fan seguimos esperando verdad y justicia.","og:url":"https:\/\/iran3037.cl\/web\/cuando-la-musica-se-convierte-en-memoria\/","og:image":"https:\/\/iran3037.cl\/web\/wp-content\/uploads\/2026\/09\/Copia-de-anja-31.png","og:image:secure_url":"https:\/\/iran3037.cl\/web\/wp-content\/uploads\/2026\/09\/Copia-de-anja-31.png","og:image:width":"1200","og:image:height":"800","article:published_time":"2026-09-03T12:49:15+00:00","article:modified_time":"2026-09-03T12:49:18+00:00","twitter:card":"summary_large_image","twitter:title":"Cuando la m\u00fasica se convierte en memoria -","twitter:description":"Con una interpretaci\u00f3n profundamente emotiva, el D\u00fao Rivera de Pablo llen\u00f3 de m\u00fasica y sentimiento el acto de Conmemoraci\u00f3n del D\u00eda por las V\u00edctimas de Desaparici\u00f3n Forzada 2026, convirtiendo cada nota en un abrazo a la memoria y a quienes a\u00fan seguimos esperando verdad y justicia.","twitter:image":"https:\/\/iran3037.cl\/web\/wp-content\/uploads\/2026\/09\/Copia-de-anja-31.png"},"aioseo_meta_data":{"post_id":"22105","title":null,"description":null,"keywords":null,"keyphrases":{"focus":{"keyphrase":"","score":0,"analysis":{"keyphraseInTitle":{"score":0,"maxScore":9,"error":1}}},"additional":[]},"primary_term":null,"canonical_url":null,"og_title":null,"og_description":null,"og_object_type":"default","og_image_type":"featured","og_image_url":"https:\/\/iran3037.cl\/web\/wp-content\/uploads\/2026\/09\/Copia-de-anja-31.png","og_image_width":"1200","og_image_height":"800","og_image_custom_url":null,"og_image_custom_fields":null,"og_video":"","og_custom_url":null,"og_article_section":null,"og_article_tags":null,"twitter_use_og":false,"twitter_card":"default","twitter_image_type":"featured","twitter_image_url":"https:\/\/iran3037.cl\/web\/wp-content\/uploads\/2026\/09\/Copia-de-anja-31.png","twitter_image_custom_url":null,"twitter_image_custom_fields":null,"twitter_title":null,"twitter_description":null,"schema":{"blockGraphs":[],"customGraphs":[],"default":{"data":{"Article":[],"Course":[],"Dataset":[],"FAQPage":[],"Movie":[],"Person":[],"Product":[],"ProductReview":[],"Car":[],"Recipe":[],"Service":[],"SoftwareApplication":[],"WebPage":[]},"graphName":"BlogPosting","isEnabled":true},"graphs":[]},"schema_type":"default","schema_type_options":null,"pillar_content":false,"robots_default":true,"robots_noindex":false,"robots_noarchive":false,"robots_nosnippet":false,"robots_nofollow":false,"robots_noimageindex":false,"robots_noodp":false,"robots_notranslate":false,"robots_max_snippet":"-1","robots_max_videopreview":"-1","robots_max_imagepreview":"large","priority":null,"frequency":"default","local_seo":null,"limit_modified_date":false,"created":"2026-09-03 12:49:18","updated":"2026-09-03 13:00:42","ai":{"faqs":[],"keyPoints":[],"schemas":[],"titles":[],"descriptions":[],"socialPosts":{"email":{"subject":"","preview":"","content":""},"linkedin":[],"twitter":[],"facebook":[],"instagram":[]}},"breadcrumb_settings":null,"seo_analyzer_scan_date":null,"focus_keyword":null,"additional_keywords":null,"truseo_locale":null},"aioseo_breadcrumb":"<div class=\"aioseo-breadcrumbs\"><span class=\"aioseo-breadcrumb\">\n\t\t\t<a href=\"https:\/\/iran3037.cl\/web\" title=\"Hogar\">Hogar<\/a>\n\t\t<\/span><span class=\"aioseo-breadcrumb-separator\">&raquo;<\/span><span class=\"aioseo-breadcrumb\">\n\t\t\t<a href=\"https:\/\/iran3037.cl\/web\/category\/inicio\/\" title=\"INICIO\">INICIO<\/a>\n\t\t<\/span><span class=\"aioseo-breadcrumb-separator\">&raquo;<\/span><span class=\"aioseo-breadcrumb\">\n\t\t\t<a href=\"https:\/\/iran3037.cl\/web\/category\/inicio\/sin-categoria\/\" title=\"NOTICIAS\">NOTICIAS<\/a>\n\t\t<\/span><span class=\"aioseo-breadcrumb-separator\">&raquo;<\/span><span class=\"aioseo-breadcrumb\">\n\t\t\tCuando la m\u00fasica se convierte en memoria\n\t\t<\/span><\/div>","aioseo_breadcrumb_json":[{"label":"Hogar","link":"https:\/\/iran3037.cl\/web"},{"label":"INICIO","link":"https:\/\/iran3037.cl\/web\/category\/inicio\/"},{"label":"NOTICIAS","link":"https:\/\/iran3037.cl\/web\/category\/inicio\/sin-categoria\/"},{"label":"Cuando la m\u00fasica se convierte en memoria","link":"https:\/\/iran3037.cl\/web\/cuando-la-musica-se-convierte-en-memoria\/"}],"uagb_featured_image_src":{"full":["https:\/\/iran3037.cl\/web\/wp-content\/uploads\/2026\/09\/Copia-de-anja-31.png",1200,800,false],"thumbnail":["https:\/\/iran3037.cl\/web\/wp-content\/uploads\/2026\/09\/Copia-de-anja-31-150x150.png",150,150,true],"medium":["https:\/\/iran3037.cl\/web\/wp-content\/uploads\/2026\/09\/Copia-de-anja-31-300x200.png",300,200,true],"medium_large":["https:\/\/iran3037.cl\/web\/wp-content\/uploads\/2026\/09\/Copia-de-anja-31-768x512.png",640,427,true],"large":["https:\/\/iran3037.cl\/web\/wp-content\/uploads\/2026\/09\/Copia-de-anja-31-1024x683.png",640,427,true],"1536x1536":["https:\/\/iran3037.cl\/web\/wp-content\/uploads\/2026\/09\/Copia-de-anja-31.png",1200,800,false],"2048x2048":["https:\/\/iran3037.cl\/web\/wp-content\/uploads\/2026\/09\/Copia-de-anja-31.png",1200,800,false],"morenews-large":["https:\/\/iran3037.cl\/web\/wp-content\/uploads\/2026\/09\/Copia-de-anja-31-825x575.png",825,575,true],"morenews-medium":["https:\/\/iran3037.cl\/web\/wp-content\/uploads\/2026\/09\/Copia-de-anja-31-590x410.png",590,410,true]},"uagb_author_info":{"display_name":"Editor","author_link":"https:\/\/iran3037.cl\/web\/author\/zeta\/"},"uagb_comment_info":0,"uagb_excerpt":"Con una interpretaci\u00f3n profundamente emotiva, el D\u00fao Rivera de Pablo llen\u00f3 de m\u00fasica y sentimiento el acto de","_links":{"self":[{"href":"https:\/\/iran3037.cl\/web\/wp-json\/wp\/v2\/posts\/22105","targetHints":{"allow":["GET"]}}],"collection":[{"href":"https:\/\/iran3037.cl\/web\/wp-json\/wp\/v2\/posts"}],"about":[{"href":"https:\/\/iran3037.cl\/web\/wp-json\/wp\/v2\/types\/post"}],"author":[{"embeddable":true,"href":"https:\/\/iran3037.cl\/web\/wp-json\/wp\/v2\/users\/3"}],"replies":[{"embeddable":true,"href":"https:\/\/iran3037.cl\/web\/wp-json\/wp\/v2\/comments?post=22105"}],"version-history":[{"count":1,"href":"https:\/\/iran3037.cl\/web\/wp-json\/wp\/v2\/posts\/22105\/revisions"}],"predecessor-version":[{"id":22107,"href":"https:\/\/iran3037.cl\/web\/wp-json\/wp\/v2\/posts\/22105\/revisions\/22107"}],"wp:featuredmedia":[{"embeddable":true,"href":"https:\/\/iran3037.cl\/web\/wp-json\/wp\/v2\/media\/22106"}],"wp:attachment":[{"href":"https:\/\/iran3037.cl\/web\/wp-json\/wp\/v2\/media?parent=22105"}],"wp:term":[{"taxonomy":"category","embeddable":true,"href":"https:\/\/iran3037.cl\/web\/wp-json\/wp\/v2\/categories?post=22105"},{"taxonomy":"post_tag","embeddable":true,"href":"https:\/\/iran3037.cl\/web\/wp-json\/wp\/v2\/tags?post=22105"}],"curies":[{"name":"wp","href":"https:\/\/api.w.org\/{rel}","templated":true}]}}