{"id":22102,"date":"2026-09-03T12:32:47","date_gmt":"2026-09-03T12:32:47","guid":{"rendered":"https:\/\/iran3037.cl\/web\/?p=22102"},"modified":"2026-09-03T12:32:49","modified_gmt":"2026-09-03T12:32:49","slug":"59-rostros-una-memoria-que-no-se-rinde","status":"publish","type":"post","link":"https:\/\/iran3037.cl\/web\/59-rostros-una-memoria-que-no-se-rinde\/","title":{"rendered":"59 rostros, una memoria que no se rinde"},"content":{"rendered":"\n<p class=\"wp-block-paragraph\">En representaci\u00f3n del Sitio de Memoria Ir\u00e1n 3037, Montserrat Figuerola reafirma el compromiso con la verdad, la justicia y la memoria, destacando la responsabilidad colectiva de mantener presentes las historias, los sue\u00f1os y las convicciones de quienes fueron v\u00edctimas de desaparici\u00f3n forzada.<\/p>\n\n\n\n<p class=\"wp-block-paragraph\"><\/p>\n\n\n\n<figure class=\"wp-block-embed is-type-video is-provider-youtube wp-block-embed-youtube wp-embed-aspect-16-9 wp-has-aspect-ratio\"><div class=\"wp-block-embed__wrapper\">\n<iframe loading=\"lazy\" title=\"Montserrat Figuerola. Conmemoraci\u00f3n D\u00eda de las Desapariciones Forzadas\" width=\"640\" height=\"360\" src=\"https:\/\/www.youtube.com\/embed\/xKz80BLRChQ?feature=oembed\" frameborder=\"0\" allow=\"accelerometer; autoplay; clipboard-write; encrypted-media; gyroscope; picture-in-picture; web-share\" referrerpolicy=\"strict-origin-when-cross-origin\" allowfullscreen><\/iframe>\n<\/div><\/figure>\n\n\n\n<p class=\"wp-block-paragraph\"><\/p>\n\n\n\n<p class=\"wp-block-paragraph\">Muy buenas tardes a todas y todos.<\/p>\n\n\n\n<p class=\"wp-block-paragraph\">En nombre del Sitio de Memoria Ir\u00e1n 3037 y de la Asociaci\u00f3n de Memoria y Derechos Humanos Venda Sexy, quisiera saludar afectuosamente a familiares y sobrevivientes. Gracias por estar aqu\u00ed y por mantener por m\u00e1s de 50 a\u00f1os la demanda de verdad y justicia.<\/p>\n\n\n\n<p class=\"wp-block-paragraph\">Quiero saludar tambi\u00e9n a nuestra comunidad, a las organizaciones y personas que hoy nos acompa\u00f1an, y agradecer especialmente a quienes participaron de la caminata que acabamos de realizar.<\/p>\n\n\n\n<p class=\"wp-block-paragraph\">Hoy caminamos portando 59 rostros que nos recuerdan que detr\u00e1s de cada desaparici\u00f3n forzada hubo una vida, una familia, proyectos, afectos, convicciones y sue\u00f1os. La memoria de nuestras compa\u00f1eras y compa\u00f1eros no es solamente la historia de su secuestro y desaparici\u00f3n. Significa recordar qui\u00e9nes fueron, qu\u00e9 so\u00f1aron y qu\u00e9 sociedad desearon construir. Por esas vidas hoy renovamos nuestro compromiso con la verdad, con la justicia y con la memoria.<\/p>\n\n\n\n<p class=\"wp-block-paragraph\">Los Sitios de Memoria son espacios que permiten conocer lo que ocurri\u00f3, preservar testimonios y transmitir a las nuevas generaciones una historia que no podemos permitir que sea borrada, relativizada o negada.<\/p>\n\n\n\n<p class=\"wp-block-paragraph\">Hoy, frente a este espacio, tenemos que ser especialmente claras ante el negacionismo. Las violaciones a los derechos humanos no son una interpretaci\u00f3n de la historia. Los cr\u00edmenes de lesa humanidad no pueden relativizarse ni justificarse. Y la memoria de quienes fueron detenidos, torturados, asesinados y desaparecidos nos recuerda que una sociedad democr\u00e1tica no puede construirse sobre el olvido, la impunidad o la negaci\u00f3n.<\/p>\n\n\n\n<p class=\"wp-block-paragraph\">Por eso, es deber de todas y todos seguir buscando m\u00e1s verdad y m\u00e1s justicia. Saber d\u00f3nde est\u00e1n sigue siendo una necesidad imperiosa y una deuda sin saldar. Cada avance en verdad y justicia es tambi\u00e9n una forma de cerrar el paso al negacionismo y de fortalecer una memoria fundada en la verdad.<\/p>\n\n\n\n<p class=\"wp-block-paragraph\">La defensa de los derechos humanos debiera ser lo m\u00ednimo que una sociedad exige de s\u00ed misma para considerarse justa y democr\u00e1tica. No debiera depender de qui\u00e9n gobierna, de las circunstancias pol\u00edticas ni de cu\u00e1nto incomode defenderlos. Los derechos humanos son el piso sobre el cual construimos nuestra convivencia.<\/p>\n\n\n\n<p class=\"wp-block-paragraph\">Y por eso es tan importante que esta memoria llegue a las nuevas generaciones. A quienes no vivieron la dictadura, pero tienen derecho a conocerla. A quienes heredar\u00e1n estas memorias y tendr\u00e1n la responsabilidad de decidir qu\u00e9 sociedad quieren construir.<\/p>\n\n\n\n<p class=\"wp-block-paragraph\">Debemos entregarles herramientas para comprender el presente y construir el futuro. Para entender que la democracia no est\u00e1 garantizada para siempre y que una sociedad democr\u00e1tica se construye todos los d\u00edas, defendiendo la dignidad y los derechos de todas las personas.<\/p>\n\n\n\n<p class=\"wp-block-paragraph\">Que conozcan a quienes fueron detenidos y desaparecidos no solamente por c\u00f3mo fueron arrancados de sus familias, sino por c\u00f3mo vivieron. Que conozcan sus historias, sus convicciones, sus sue\u00f1os y tambi\u00e9n el pa\u00eds que imaginaron.<\/p>\n\n\n\n<p class=\"wp-block-paragraph\">Tenemos la responsabilidad de seguir construyendo ese pa\u00eds.<\/p>\n\n\n\n<p class=\"wp-block-paragraph\">Esta tarea no se sostiene en soledad. Se sostiene gracias a nuestra comunidad, a las organizaciones, a las familias, a sobrevivientes y a todas las personas que participan, acompa\u00f1an y hacen suyo este espacio de memoria.<\/p>\n\n\n\n<p class=\"wp-block-paragraph\">Quiero agradecer especialmente a las personas que trabajan en y para el sitio, a quienes sostienen cotidianamente este trabajo, a voluntarias y voluntarios que entregan su tiempo, su energ\u00eda y su compromiso para que cada actividad, cada encuentro y cada instancia de memoria sea posible.<\/p>\n\n\n\n<p class=\"wp-block-paragraph\">Gracias tambi\u00e9n a quienes hoy caminaron con nosotras.<\/p>\n\n\n\n<p class=\"wp-block-paragraph\">Porque llevar estos 59 rostros por las calles es gritar que seguimos aqu\u00ed. Que sus nombres siguen presentes. Que sus historias, son nuestra historia. Y que no vamos a renunciar a la verdad, a la justicia ni a la memoria.<\/p>\n\n\n\n<p class=\"wp-block-paragraph\">Muchas gracias.<\/p>\n","protected":false},"excerpt":{"rendered":"<p>En representaci\u00f3n del Sitio de Memoria Ir\u00e1n 3037, Montserrat Figuerola reafirma el compromiso con la verdad, la justicia<\/p>\n","protected":false},"author":3,"featured_media":22103,"comment_status":"closed","ping_status":"closed","sticky":false,"template":"","format":"standard","meta":{"om_disable_all_campaigns":false,"_eb_attr":"","_uag_custom_page_level_css":"","_monsterinsights_skip_tracking":false,"iawp_total_views":37,"footnotes":""},"categories":[1],"tags":[],"class_list":["post-22102","post","type-post","status-publish","format-standard","has-post-thumbnail","hentry","category-sin-categoria"],"aioseo_notices":[],"aioseo_head":"\n\t\t<!-- All in One SEO 5.0.1.1 - aioseo.com -->\n\t<meta name=\"description\" content=\"En representaci\u00f3n del Sitio de Memoria Ir\u00e1n 3037, Montserrat Figuerola reafirma el compromiso con la verdad, la justicia y la memoria, destacando la responsabilidad colectiva de mantener presentes las historias, los sue\u00f1os y las convicciones de quienes fueron v\u00edctimas de desaparici\u00f3n forzada. Muy buenas tardes a todas y todos. En nombre del Sitio de Memoria\" \/>\n\t<meta name=\"robots\" content=\"max-image-preview:large\" \/>\n\t<meta name=\"author\" content=\"Editor\"\/>\n\t<meta name=\"google-site-verification\" content=\"qEAyNUSNXyg8KiobUrbyIfaaaIY3P_e7e2X6JQgfe88\" \/>\n\t<link rel=\"canonical\" href=\"https:\/\/iran3037.cl\/web\/59-rostros-una-memoria-que-no-se-rinde\/\" \/>\n\t<meta name=\"generator\" content=\"All in One SEO (AIOSEO) 5.0.1.1\" \/>\n\t\t<meta property=\"og:locale\" content=\"es_ES\" \/>\n\t\t<meta property=\"og:site_name\" content=\"-\" \/>\n\t\t<meta property=\"og:type\" content=\"article\" \/>\n\t\t<meta property=\"og:title\" content=\"59 rostros, una memoria que no se rinde -\" \/>\n\t\t<meta property=\"og:description\" content=\"En representaci\u00f3n del Sitio de Memoria Ir\u00e1n 3037, Montserrat Figuerola reafirma el compromiso con la verdad, la justicia y la memoria, destacando la responsabilidad colectiva de mantener presentes las historias, los sue\u00f1os y las convicciones de quienes fueron v\u00edctimas de desaparici\u00f3n forzada. Muy buenas tardes a todas y todos. En nombre del Sitio de Memoria\" \/>\n\t\t<meta property=\"og:url\" content=\"https:\/\/iran3037.cl\/web\/59-rostros-una-memoria-que-no-se-rinde\/\" \/>\n\t\t<meta property=\"og:image\" content=\"https:\/\/iran3037.cl\/web\/wp-content\/uploads\/2026\/09\/Copia-de-anja-30.png\" \/>\n\t\t<meta property=\"og:image:secure_url\" content=\"https:\/\/iran3037.cl\/web\/wp-content\/uploads\/2026\/09\/Copia-de-anja-30.png\" \/>\n\t\t<meta property=\"og:image:width\" content=\"1200\" \/>\n\t\t<meta property=\"og:image:height\" content=\"800\" \/>\n\t\t<meta property=\"article:published_time\" content=\"2026-09-03T12:32:47+00:00\" \/>\n\t\t<meta property=\"article:modified_time\" content=\"2026-09-03T12:32:49+00:00\" \/>\n\t\t<meta name=\"twitter:card\" content=\"summary_large_image\" \/>\n\t\t<meta name=\"twitter:title\" content=\"59 rostros, una memoria que no se rinde -\" \/>\n\t\t<meta name=\"twitter:description\" content=\"En representaci\u00f3n del Sitio de Memoria Ir\u00e1n 3037, Montserrat Figuerola reafirma el compromiso con la verdad, la justicia y la memoria, destacando la responsabilidad colectiva de mantener presentes las historias, los sue\u00f1os y las convicciones de quienes fueron v\u00edctimas de desaparici\u00f3n forzada. Muy buenas tardes a todas y todos. En nombre del Sitio de Memoria\" \/>\n\t\t<meta name=\"twitter:image\" content=\"https:\/\/iran3037.cl\/web\/wp-content\/uploads\/2026\/09\/Copia-de-anja-30.png\" \/>\n\t\t<script type=\"application\/ld+json\" class=\"aioseo-schema\">\n\t\t\t{\"@context\":\"https:\\\/\\\/schema.org\",\"@graph\":[{\"@type\":\"BlogPosting\",\"@id\":\"https:\\\/\\\/iran3037.cl\\\/web\\\/59-rostros-una-memoria-que-no-se-rinde\\\/#blogposting\",\"name\":\"59 rostros, una memoria que no se rinde -\",\"headline\":\"59 rostros, una memoria que no se rinde\",\"author\":{\"@id\":\"https:\\\/\\\/iran3037.cl\\\/web\\\/author\\\/zeta\\\/#author\"},\"publisher\":{\"@id\":\"https:\\\/\\\/iran3037.cl\\\/web\\\/#organization\"},\"image\":{\"@type\":\"ImageObject\",\"url\":\"https:\\\/\\\/iran3037.cl\\\/web\\\/wp-content\\\/uploads\\\/2026\\\/09\\\/Copia-de-anja-30.png\",\"width\":1200,\"height\":800},\"datePublished\":\"2026-09-03T12:32:47+00:00\",\"dateModified\":\"2026-09-03T12:32:49+00:00\",\"inLanguage\":\"es-ES\",\"mainEntityOfPage\":{\"@id\":\"https:\\\/\\\/iran3037.cl\\\/web\\\/59-rostros-una-memoria-que-no-se-rinde\\\/#webpage\"},\"isPartOf\":{\"@id\":\"https:\\\/\\\/iran3037.cl\\\/web\\\/59-rostros-una-memoria-que-no-se-rinde\\\/#webpage\"},\"articleSection\":\"NOTICIAS\"},{\"@type\":\"BreadcrumbList\",\"@id\":\"https:\\\/\\\/iran3037.cl\\\/web\\\/59-rostros-una-memoria-que-no-se-rinde\\\/#breadcrumblist\",\"itemListElement\":[{\"@type\":\"ListItem\",\"@id\":\"https:\\\/\\\/iran3037.cl\\\/web#listItem\",\"position\":1,\"name\":\"Hogar\",\"item\":\"https:\\\/\\\/iran3037.cl\\\/web\",\"nextItem\":{\"@type\":\"ListItem\",\"@id\":\"https:\\\/\\\/iran3037.cl\\\/web\\\/category\\\/inicio\\\/#listItem\",\"name\":\"INICIO\"}},{\"@type\":\"ListItem\",\"@id\":\"https:\\\/\\\/iran3037.cl\\\/web\\\/category\\\/inicio\\\/#listItem\",\"position\":2,\"name\":\"INICIO\",\"item\":\"https:\\\/\\\/iran3037.cl\\\/web\\\/category\\\/inicio\\\/\",\"nextItem\":{\"@type\":\"ListItem\",\"@id\":\"https:\\\/\\\/iran3037.cl\\\/web\\\/category\\\/inicio\\\/sin-categoria\\\/#listItem\",\"name\":\"NOTICIAS\"},\"previousItem\":{\"@type\":\"ListItem\",\"@id\":\"https:\\\/\\\/iran3037.cl\\\/web#listItem\",\"name\":\"Hogar\"}},{\"@type\":\"ListItem\",\"@id\":\"https:\\\/\\\/iran3037.cl\\\/web\\\/category\\\/inicio\\\/sin-categoria\\\/#listItem\",\"position\":3,\"name\":\"NOTICIAS\",\"item\":\"https:\\\/\\\/iran3037.cl\\\/web\\\/category\\\/inicio\\\/sin-categoria\\\/\",\"nextItem\":{\"@type\":\"ListItem\",\"@id\":\"https:\\\/\\\/iran3037.cl\\\/web\\\/59-rostros-una-memoria-que-no-se-rinde\\\/#listItem\",\"name\":\"59 rostros, una memoria que no se rinde\"},\"previousItem\":{\"@type\":\"ListItem\",\"@id\":\"https:\\\/\\\/iran3037.cl\\\/web\\\/category\\\/inicio\\\/#listItem\",\"name\":\"INICIO\"}},{\"@type\":\"ListItem\",\"@id\":\"https:\\\/\\\/iran3037.cl\\\/web\\\/59-rostros-una-memoria-que-no-se-rinde\\\/#listItem\",\"position\":4,\"name\":\"59 rostros, una memoria que no se rinde\",\"previousItem\":{\"@type\":\"ListItem\",\"@id\":\"https:\\\/\\\/iran3037.cl\\\/web\\\/category\\\/inicio\\\/sin-categoria\\\/#listItem\",\"name\":\"NOTICIAS\"}}]},{\"@type\":\"Organization\",\"@id\":\"https:\\\/\\\/iran3037.cl\\\/web\\\/#organization\",\"name\":\"Asociaci\\u00f3n de Memoria y Derechos Humanos Venda Sexy\",\"description\":\"La Asociaci\\u00f3n Venda Sexy, fundada en 2013, preserva la memoria de v\\u00edctimas de represi\\u00f3n estatal gestionando el ex centro de tortura \\\"Venda Sexy\\\" en Ir\\u00e1n 3037, Santiago. Enfoca en derechos humanos, g\\u00e9nero y justicia.\",\"url\":\"https:\\\/\\\/iran3037.cl\\\/web\\\/\",\"email\":\"sitiodememoriairan3037@gmail.com\",\"logo\":{\"@type\":\"ImageObject\",\"url\":\"https:\\\/\\\/iran3037.cl\\\/web\\\/wp-content\\\/uploads\\\/2013\\\/11\\\/logo_iran_fondo_blanco__1_-removebg-preview-300x225.png\",\"@id\":\"https:\\\/\\\/iran3037.cl\\\/web\\\/59-rostros-una-memoria-que-no-se-rinde\\\/#organizationLogo\"},\"image\":{\"@id\":\"https:\\\/\\\/iran3037.cl\\\/web\\\/59-rostros-una-memoria-que-no-se-rinde\\\/#organizationLogo\"},\"sameAs\":[\"https:\\\/\\\/www.instagram.com\\\/sitiodememoriairan3037\\\/\"]},{\"@type\":\"Person\",\"@id\":\"https:\\\/\\\/iran3037.cl\\\/web\\\/author\\\/zeta\\\/#author\",\"url\":\"https:\\\/\\\/iran3037.cl\\\/web\\\/author\\\/zeta\\\/\",\"name\":\"Editor\",\"image\":{\"@type\":\"ImageObject\",\"@id\":\"https:\\\/\\\/iran3037.cl\\\/web\\\/59-rostros-una-memoria-que-no-se-rinde\\\/#authorImage\",\"url\":\"https:\\\/\\\/secure.gravatar.com\\\/avatar\\\/74271fcd0201e311909e9df88359fd9604a196ffca37b90cfc6ea05ebed6b6b7?s=96&d=mm&r=g\",\"width\":96,\"height\":96,\"caption\":\"Editor\"}},{\"@type\":\"WebPage\",\"@id\":\"https:\\\/\\\/iran3037.cl\\\/web\\\/59-rostros-una-memoria-que-no-se-rinde\\\/#webpage\",\"url\":\"https:\\\/\\\/iran3037.cl\\\/web\\\/59-rostros-una-memoria-que-no-se-rinde\\\/\",\"name\":\"59 rostros, una memoria que no se rinde -\",\"description\":\"En representaci\\u00f3n del Sitio de Memoria Ir\\u00e1n 3037, Montserrat Figuerola reafirma el compromiso con la verdad, la justicia y la memoria, destacando la responsabilidad colectiva de mantener presentes las historias, los sue\\u00f1os y las convicciones de quienes fueron v\\u00edctimas de desaparici\\u00f3n forzada. Muy buenas tardes a todas y todos. En nombre del Sitio de Memoria\",\"inLanguage\":\"es-ES\",\"isPartOf\":{\"@id\":\"https:\\\/\\\/iran3037.cl\\\/web\\\/#website\"},\"breadcrumb\":{\"@id\":\"https:\\\/\\\/iran3037.cl\\\/web\\\/59-rostros-una-memoria-que-no-se-rinde\\\/#breadcrumblist\"},\"author\":{\"@id\":\"https:\\\/\\\/iran3037.cl\\\/web\\\/author\\\/zeta\\\/#author\"},\"creator\":{\"@id\":\"https:\\\/\\\/iran3037.cl\\\/web\\\/author\\\/zeta\\\/#author\"},\"image\":{\"@type\":\"ImageObject\",\"url\":\"https:\\\/\\\/iran3037.cl\\\/web\\\/wp-content\\\/uploads\\\/2026\\\/09\\\/Copia-de-anja-30.png\",\"@id\":\"https:\\\/\\\/iran3037.cl\\\/web\\\/59-rostros-una-memoria-que-no-se-rinde\\\/#mainImage\",\"width\":1200,\"height\":800},\"primaryImageOfPage\":{\"@id\":\"https:\\\/\\\/iran3037.cl\\\/web\\\/59-rostros-una-memoria-que-no-se-rinde\\\/#mainImage\"},\"datePublished\":\"2026-09-03T12:32:47+00:00\",\"dateModified\":\"2026-09-03T12:32:49+00:00\"},{\"@type\":\"WebSite\",\"@id\":\"https:\\\/\\\/iran3037.cl\\\/web\\\/#website\",\"url\":\"https:\\\/\\\/iran3037.cl\\\/web\\\/\",\"inLanguage\":\"es-ES\",\"publisher\":{\"@id\":\"https:\\\/\\\/iran3037.cl\\\/web\\\/#organization\"}}]}\n\t\t<\/script>\n\t\t<!-- All in One SEO -->\n\n","aioseo_head_json":{"title":"59 rostros, una memoria que no se rinde -","description":"En representaci\u00f3n del Sitio de Memoria Ir\u00e1n 3037, Montserrat Figuerola reafirma el compromiso con la verdad, la justicia y la memoria, destacando la responsabilidad colectiva de mantener presentes las historias, los sue\u00f1os y las convicciones de quienes fueron v\u00edctimas de desaparici\u00f3n forzada. Muy buenas tardes a todas y todos. En nombre del Sitio de Memoria","canonical_url":"https:\/\/iran3037.cl\/web\/59-rostros-una-memoria-que-no-se-rinde\/","robots":"max-image-preview:large","keywords":"","webmasterTools":{"google-site-verification":"qEAyNUSNXyg8KiobUrbyIfaaaIY3P_e7e2X6JQgfe88","miscellaneous":""},"schema":{"@context":"https:\/\/schema.org","@graph":[{"@type":"BlogPosting","@id":"https:\/\/iran3037.cl\/web\/59-rostros-una-memoria-que-no-se-rinde\/#blogposting","name":"59 rostros, una memoria que no se rinde -","headline":"59 rostros, una memoria que no se rinde","author":{"@id":"https:\/\/iran3037.cl\/web\/author\/zeta\/#author"},"publisher":{"@id":"https:\/\/iran3037.cl\/web\/#organization"},"image":{"@type":"ImageObject","url":"https:\/\/iran3037.cl\/web\/wp-content\/uploads\/2026\/09\/Copia-de-anja-30.png","width":1200,"height":800},"datePublished":"2026-09-03T12:32:47+00:00","dateModified":"2026-09-03T12:32:49+00:00","inLanguage":"es-ES","mainEntityOfPage":{"@id":"https:\/\/iran3037.cl\/web\/59-rostros-una-memoria-que-no-se-rinde\/#webpage"},"isPartOf":{"@id":"https:\/\/iran3037.cl\/web\/59-rostros-una-memoria-que-no-se-rinde\/#webpage"},"articleSection":"NOTICIAS"},{"@type":"BreadcrumbList","@id":"https:\/\/iran3037.cl\/web\/59-rostros-una-memoria-que-no-se-rinde\/#breadcrumblist","itemListElement":[{"@type":"ListItem","@id":"https:\/\/iran3037.cl\/web#listItem","position":1,"name":"Hogar","item":"https:\/\/iran3037.cl\/web","nextItem":{"@type":"ListItem","@id":"https:\/\/iran3037.cl\/web\/category\/inicio\/#listItem","name":"INICIO"}},{"@type":"ListItem","@id":"https:\/\/iran3037.cl\/web\/category\/inicio\/#listItem","position":2,"name":"INICIO","item":"https:\/\/iran3037.cl\/web\/category\/inicio\/","nextItem":{"@type":"ListItem","@id":"https:\/\/iran3037.cl\/web\/category\/inicio\/sin-categoria\/#listItem","name":"NOTICIAS"},"previousItem":{"@type":"ListItem","@id":"https:\/\/iran3037.cl\/web#listItem","name":"Hogar"}},{"@type":"ListItem","@id":"https:\/\/iran3037.cl\/web\/category\/inicio\/sin-categoria\/#listItem","position":3,"name":"NOTICIAS","item":"https:\/\/iran3037.cl\/web\/category\/inicio\/sin-categoria\/","nextItem":{"@type":"ListItem","@id":"https:\/\/iran3037.cl\/web\/59-rostros-una-memoria-que-no-se-rinde\/#listItem","name":"59 rostros, una memoria que no se rinde"},"previousItem":{"@type":"ListItem","@id":"https:\/\/iran3037.cl\/web\/category\/inicio\/#listItem","name":"INICIO"}},{"@type":"ListItem","@id":"https:\/\/iran3037.cl\/web\/59-rostros-una-memoria-que-no-se-rinde\/#listItem","position":4,"name":"59 rostros, una memoria que no se rinde","previousItem":{"@type":"ListItem","@id":"https:\/\/iran3037.cl\/web\/category\/inicio\/sin-categoria\/#listItem","name":"NOTICIAS"}}]},{"@type":"Organization","@id":"https:\/\/iran3037.cl\/web\/#organization","name":"Asociaci\u00f3n de Memoria y Derechos Humanos Venda Sexy","description":"La Asociaci\u00f3n Venda Sexy, fundada en 2013, preserva la memoria de v\u00edctimas de represi\u00f3n estatal gestionando el ex centro de tortura \"Venda Sexy\" en Ir\u00e1n 3037, Santiago. Enfoca en derechos humanos, g\u00e9nero y justicia.","url":"https:\/\/iran3037.cl\/web\/","email":"sitiodememoriairan3037@gmail.com","logo":{"@type":"ImageObject","url":"https:\/\/iran3037.cl\/web\/wp-content\/uploads\/2013\/11\/logo_iran_fondo_blanco__1_-removebg-preview-300x225.png","@id":"https:\/\/iran3037.cl\/web\/59-rostros-una-memoria-que-no-se-rinde\/#organizationLogo"},"image":{"@id":"https:\/\/iran3037.cl\/web\/59-rostros-una-memoria-que-no-se-rinde\/#organizationLogo"},"sameAs":["https:\/\/www.instagram.com\/sitiodememoriairan3037\/"]},{"@type":"Person","@id":"https:\/\/iran3037.cl\/web\/author\/zeta\/#author","url":"https:\/\/iran3037.cl\/web\/author\/zeta\/","name":"Editor","image":{"@type":"ImageObject","@id":"https:\/\/iran3037.cl\/web\/59-rostros-una-memoria-que-no-se-rinde\/#authorImage","url":"https:\/\/secure.gravatar.com\/avatar\/74271fcd0201e311909e9df88359fd9604a196ffca37b90cfc6ea05ebed6b6b7?s=96&d=mm&r=g","width":96,"height":96,"caption":"Editor"}},{"@type":"WebPage","@id":"https:\/\/iran3037.cl\/web\/59-rostros-una-memoria-que-no-se-rinde\/#webpage","url":"https:\/\/iran3037.cl\/web\/59-rostros-una-memoria-que-no-se-rinde\/","name":"59 rostros, una memoria que no se rinde -","description":"En representaci\u00f3n del Sitio de Memoria Ir\u00e1n 3037, Montserrat Figuerola reafirma el compromiso con la verdad, la justicia y la memoria, destacando la responsabilidad colectiva de mantener presentes las historias, los sue\u00f1os y las convicciones de quienes fueron v\u00edctimas de desaparici\u00f3n forzada. Muy buenas tardes a todas y todos. En nombre del Sitio de Memoria","inLanguage":"es-ES","isPartOf":{"@id":"https:\/\/iran3037.cl\/web\/#website"},"breadcrumb":{"@id":"https:\/\/iran3037.cl\/web\/59-rostros-una-memoria-que-no-se-rinde\/#breadcrumblist"},"author":{"@id":"https:\/\/iran3037.cl\/web\/author\/zeta\/#author"},"creator":{"@id":"https:\/\/iran3037.cl\/web\/author\/zeta\/#author"},"image":{"@type":"ImageObject","url":"https:\/\/iran3037.cl\/web\/wp-content\/uploads\/2026\/09\/Copia-de-anja-30.png","@id":"https:\/\/iran3037.cl\/web\/59-rostros-una-memoria-que-no-se-rinde\/#mainImage","width":1200,"height":800},"primaryImageOfPage":{"@id":"https:\/\/iran3037.cl\/web\/59-rostros-una-memoria-que-no-se-rinde\/#mainImage"},"datePublished":"2026-09-03T12:32:47+00:00","dateModified":"2026-09-03T12:32:49+00:00"},{"@type":"WebSite","@id":"https:\/\/iran3037.cl\/web\/#website","url":"https:\/\/iran3037.cl\/web\/","inLanguage":"es-ES","publisher":{"@id":"https:\/\/iran3037.cl\/web\/#organization"}}]},"og:locale":"es_ES","og:site_name":"-","og:type":"article","og:title":"59 rostros, una memoria que no se rinde -","og:description":"En representaci\u00f3n del Sitio de Memoria Ir\u00e1n 3037, Montserrat Figuerola reafirma el compromiso con la verdad, la justicia y la memoria, destacando la responsabilidad colectiva de mantener presentes las historias, los sue\u00f1os y las convicciones de quienes fueron v\u00edctimas de desaparici\u00f3n forzada. Muy buenas tardes a todas y todos. En nombre del Sitio de Memoria","og:url":"https:\/\/iran3037.cl\/web\/59-rostros-una-memoria-que-no-se-rinde\/","og:image":"https:\/\/iran3037.cl\/web\/wp-content\/uploads\/2026\/09\/Copia-de-anja-30.png","og:image:secure_url":"https:\/\/iran3037.cl\/web\/wp-content\/uploads\/2026\/09\/Copia-de-anja-30.png","og:image:width":"1200","og:image:height":"800","article:published_time":"2026-09-03T12:32:47+00:00","article:modified_time":"2026-09-03T12:32:49+00:00","twitter:card":"summary_large_image","twitter:title":"59 rostros, una memoria que no se rinde -","twitter:description":"En representaci\u00f3n del Sitio de Memoria Ir\u00e1n 3037, Montserrat Figuerola reafirma el compromiso con la verdad, la justicia y la memoria, destacando la responsabilidad colectiva de mantener presentes las historias, los sue\u00f1os y las convicciones de quienes fueron v\u00edctimas de desaparici\u00f3n forzada. Muy buenas tardes a todas y todos. En nombre del Sitio de Memoria","twitter:image":"https:\/\/iran3037.cl\/web\/wp-content\/uploads\/2026\/09\/Copia-de-anja-30.png"},"aioseo_meta_data":{"post_id":"22102","title":null,"description":null,"keywords":null,"keyphrases":{"focus":{"keyphrase":"","score":0,"analysis":{"keyphraseInTitle":{"score":0,"maxScore":9,"error":1}}},"additional":[]},"primary_term":null,"canonical_url":null,"og_title":null,"og_description":null,"og_object_type":"default","og_image_type":"featured","og_image_url":"https:\/\/iran3037.cl\/web\/wp-content\/uploads\/2026\/09\/Copia-de-anja-30.png","og_image_width":"1200","og_image_height":"800","og_image_custom_url":null,"og_image_custom_fields":null,"og_video":"","og_custom_url":null,"og_article_section":null,"og_article_tags":null,"twitter_use_og":false,"twitter_card":"default","twitter_image_type":"featured","twitter_image_url":"https:\/\/iran3037.cl\/web\/wp-content\/uploads\/2026\/09\/Copia-de-anja-30.png","twitter_image_custom_url":null,"twitter_image_custom_fields":null,"twitter_title":null,"twitter_description":null,"schema":{"blockGraphs":[],"customGraphs":[],"default":{"data":{"Article":[],"Course":[],"Dataset":[],"FAQPage":[],"Movie":[],"Person":[],"Product":[],"ProductReview":[],"Car":[],"Recipe":[],"Service":[],"SoftwareApplication":[],"WebPage":[]},"graphName":"BlogPosting","isEnabled":true},"graphs":[]},"schema_type":"default","schema_type_options":null,"pillar_content":false,"robots_default":true,"robots_noindex":false,"robots_noarchive":false,"robots_nosnippet":false,"robots_nofollow":false,"robots_noimageindex":false,"robots_noodp":false,"robots_notranslate":false,"robots_max_snippet":"-1","robots_max_videopreview":"-1","robots_max_imagepreview":"large","priority":null,"frequency":"default","local_seo":null,"limit_modified_date":false,"created":"2026-09-03 12:32:49","updated":"2026-09-03 13:00:42","ai":{"faqs":[],"keyPoints":[],"schemas":[],"titles":[],"descriptions":[],"socialPosts":{"email":{"subject":"","preview":"","content":""},"linkedin":[],"twitter":[],"facebook":[],"instagram":[]}},"breadcrumb_settings":null,"seo_analyzer_scan_date":null,"focus_keyword":null,"additional_keywords":null,"truseo_locale":null},"aioseo_breadcrumb":"<div class=\"aioseo-breadcrumbs\"><span class=\"aioseo-breadcrumb\">\n\t\t\t<a href=\"https:\/\/iran3037.cl\/web\" title=\"Hogar\">Hogar<\/a>\n\t\t<\/span><span class=\"aioseo-breadcrumb-separator\">&raquo;<\/span><span class=\"aioseo-breadcrumb\">\n\t\t\t<a href=\"https:\/\/iran3037.cl\/web\/category\/inicio\/\" title=\"INICIO\">INICIO<\/a>\n\t\t<\/span><span class=\"aioseo-breadcrumb-separator\">&raquo;<\/span><span class=\"aioseo-breadcrumb\">\n\t\t\t<a href=\"https:\/\/iran3037.cl\/web\/category\/inicio\/sin-categoria\/\" title=\"NOTICIAS\">NOTICIAS<\/a>\n\t\t<\/span><span class=\"aioseo-breadcrumb-separator\">&raquo;<\/span><span class=\"aioseo-breadcrumb\">\n\t\t\t59 rostros, una memoria que no se rinde\n\t\t<\/span><\/div>","aioseo_breadcrumb_json":[{"label":"Hogar","link":"https:\/\/iran3037.cl\/web"},{"label":"INICIO","link":"https:\/\/iran3037.cl\/web\/category\/inicio\/"},{"label":"NOTICIAS","link":"https:\/\/iran3037.cl\/web\/category\/inicio\/sin-categoria\/"},{"label":"59 rostros, una memoria que no se rinde","link":"https:\/\/iran3037.cl\/web\/59-rostros-una-memoria-que-no-se-rinde\/"}],"uagb_featured_image_src":{"full":["https:\/\/iran3037.cl\/web\/wp-content\/uploads\/2026\/09\/Copia-de-anja-30.png",1200,800,false],"thumbnail":["https:\/\/iran3037.cl\/web\/wp-content\/uploads\/2026\/09\/Copia-de-anja-30-150x150.png",150,150,true],"medium":["https:\/\/iran3037.cl\/web\/wp-content\/uploads\/2026\/09\/Copia-de-anja-30-300x200.png",300,200,true],"medium_large":["https:\/\/iran3037.cl\/web\/wp-content\/uploads\/2026\/09\/Copia-de-anja-30-768x512.png",640,427,true],"large":["https:\/\/iran3037.cl\/web\/wp-content\/uploads\/2026\/09\/Copia-de-anja-30-1024x683.png",640,427,true],"1536x1536":["https:\/\/iran3037.cl\/web\/wp-content\/uploads\/2026\/09\/Copia-de-anja-30.png",1200,800,false],"2048x2048":["https:\/\/iran3037.cl\/web\/wp-content\/uploads\/2026\/09\/Copia-de-anja-30.png",1200,800,false],"morenews-large":["https:\/\/iran3037.cl\/web\/wp-content\/uploads\/2026\/09\/Copia-de-anja-30-825x575.png",825,575,true],"morenews-medium":["https:\/\/iran3037.cl\/web\/wp-content\/uploads\/2026\/09\/Copia-de-anja-30-590x410.png",590,410,true]},"uagb_author_info":{"display_name":"Editor","author_link":"https:\/\/iran3037.cl\/web\/author\/zeta\/"},"uagb_comment_info":0,"uagb_excerpt":"En representaci\u00f3n del Sitio de Memoria Ir\u00e1n 3037, Montserrat Figuerola reafirma el compromiso con la verdad, la justicia","_links":{"self":[{"href":"https:\/\/iran3037.cl\/web\/wp-json\/wp\/v2\/posts\/22102","targetHints":{"allow":["GET"]}}],"collection":[{"href":"https:\/\/iran3037.cl\/web\/wp-json\/wp\/v2\/posts"}],"about":[{"href":"https:\/\/iran3037.cl\/web\/wp-json\/wp\/v2\/types\/post"}],"author":[{"embeddable":true,"href":"https:\/\/iran3037.cl\/web\/wp-json\/wp\/v2\/users\/3"}],"replies":[{"embeddable":true,"href":"https:\/\/iran3037.cl\/web\/wp-json\/wp\/v2\/comments?post=22102"}],"version-history":[{"count":1,"href":"https:\/\/iran3037.cl\/web\/wp-json\/wp\/v2\/posts\/22102\/revisions"}],"predecessor-version":[{"id":22104,"href":"https:\/\/iran3037.cl\/web\/wp-json\/wp\/v2\/posts\/22102\/revisions\/22104"}],"wp:featuredmedia":[{"embeddable":true,"href":"https:\/\/iran3037.cl\/web\/wp-json\/wp\/v2\/media\/22103"}],"wp:attachment":[{"href":"https:\/\/iran3037.cl\/web\/wp-json\/wp\/v2\/media?parent=22102"}],"wp:term":[{"taxonomy":"category","embeddable":true,"href":"https:\/\/iran3037.cl\/web\/wp-json\/wp\/v2\/categories?post=22102"},{"taxonomy":"post_tag","embeddable":true,"href":"https:\/\/iran3037.cl\/web\/wp-json\/wp\/v2\/tags?post=22102"}],"curies":[{"name":"wp","href":"https:\/\/api.w.org\/{rel}","templated":true}]}}