{"id":22096,"date":"2026-09-01T15:25:31","date_gmt":"2026-09-01T15:25:31","guid":{"rendered":"https:\/\/iran3037.cl\/web\/?p=22096"},"modified":"2026-09-03T12:15:52","modified_gmt":"2026-09-03T12:15:52","slug":"este-11-de-septiembre-la-memoria-abre-sus-puertas-iran-3037-te-espera","status":"publish","type":"post","link":"https:\/\/iran3037.cl\/web\/este-11-de-septiembre-la-memoria-abre-sus-puertas-iran-3037-te-espera\/","title":{"rendered":"Este 11 de septiembre, la memoria abre sus puertas: Ir\u00e1n 3037 te espera"},"content":{"rendered":"\n<p class=\"wp-block-paragraph\">El pr\u00f3ximo 11 de septiembre, el <strong>Sitio de Memoria Ir\u00e1n 3037<\/strong> abrir\u00e1 sus puertas en el marco del 53.\u00ba aniversario del golpe de Estado contra el gobierno de Salvador Allende, con encuentros de memoria y visitas dialogadas que buscan propiciar una reflexi\u00f3n colectiva sobre nuestra historia y la importancia de preservar estos espacios.<\/p>\n\n\n\n<p class=\"wp-block-paragraph\">El cupo m\u00e1ximo por encuentro es de 25 personas. Las inscripciones estar\u00e1n abiertas hasta el jueves 10 de septiembre a las 16:00 horas.<\/p>\n\n\n\n<p class=\"wp-block-paragraph\">La ubicaci\u00f3n es en nuestro sitio de memoria, ubicado en la <a href=\"http:\/\/google.com\/maps\/place\/Sitio+de+memoria+Ir\u00e1n+3037\/data=!4m2!3m1!1s0x0:0x281b1d0a835c3287?sa=X&amp;ved=1t:2428&amp;ictx=111\">calle Ir\u00e1n 3037, comuna de Macul<\/a>, regi\u00f3n Metropolitana.<\/p>\n\n\n\n<p class=\"wp-block-paragraph\"><\/p>\n\n\n\n<p class=\"wp-block-paragraph\">Si desea asistir, lo puede hacer con previa inscripcion a traves de este link:<a href=\"https:\/\/forms.gle\/ER1w9QveQwKYyfYE8\" target=\"_blank\" rel=\"noopener\">&nbsp;<\/a><a href=\"https:\/\/forms.gle\/ER1w9QveQwKYyfYE8\" target=\"_blank\" rel=\"noopener\">https:\/\/forms.gle\/<wbr>ER1w9QveQwKYyfYE8<\/a><\/p>\n\n\n\n<p class=\"wp-block-paragraph\"><\/p>\n\n\n\n<figure class=\"wp-block-image aligncenter size-large\"><a href=\"https:\/\/iran3037.cl\/web\/wp-content\/uploads\/2026\/09\/WhatsApp-Image-2026-09-01-at-09.39.00.jpeg\"><img loading=\"lazy\" decoding=\"async\" width=\"819\" height=\"1024\" src=\"https:\/\/iran3037.cl\/web\/wp-content\/uploads\/2026\/09\/WhatsApp-Image-2026-09-01-at-09.39.00-819x1024.jpeg\" alt=\"\" class=\"wp-image-22097\" srcset=\"https:\/\/iran3037.cl\/web\/wp-content\/uploads\/2026\/09\/WhatsApp-Image-2026-09-01-at-09.39.00-819x1024.jpeg 819w, https:\/\/iran3037.cl\/web\/wp-content\/uploads\/2026\/09\/WhatsApp-Image-2026-09-01-at-09.39.00-240x300.jpeg 240w, https:\/\/iran3037.cl\/web\/wp-content\/uploads\/2026\/09\/WhatsApp-Image-2026-09-01-at-09.39.00-768x960.jpeg 768w, https:\/\/iran3037.cl\/web\/wp-content\/uploads\/2026\/09\/WhatsApp-Image-2026-09-01-at-09.39.00.jpeg 1080w\" sizes=\"auto, (max-width: 819px) 100vw, 819px\" \/><\/a><\/figure>\n","protected":false},"excerpt":{"rendered":"<p>El pr\u00f3ximo 11 de septiembre, el Sitio de Memoria Ir\u00e1n 3037 abrir\u00e1 sus puertas en el marco del<\/p>\n","protected":false},"author":3,"featured_media":22098,"comment_status":"closed","ping_status":"closed","sticky":false,"template":"","format":"standard","meta":{"om_disable_all_campaigns":false,"_eb_attr":"","_uag_custom_page_level_css":"","_monsterinsights_skip_tracking":false,"iawp_total_views":40,"footnotes":""},"categories":[1],"tags":[],"class_list":["post-22096","post","type-post","status-publish","format-standard","has-post-thumbnail","hentry","category-sin-categoria"],"aioseo_notices":[],"aioseo_head":"\n\t\t<!-- All in One SEO 5.0.1.1 - aioseo.com -->\n\t<meta name=\"description\" content=\"El pr\u00f3ximo 11 de septiembre, el Sitio de Memoria Ir\u00e1n 3037 abrir\u00e1 sus puertas en el marco del 53.\u00ba aniversario del golpe de Estado contra el gobierno de Salvador Allende, con encuentros de memoria y visitas dialogadas que buscan propiciar una reflexi\u00f3n colectiva sobre nuestra historia y la importancia de preservar estos espacios. El cupo\" \/>\n\t<meta name=\"robots\" content=\"max-image-preview:large\" \/>\n\t<meta name=\"author\" content=\"Editor\"\/>\n\t<meta name=\"google-site-verification\" content=\"qEAyNUSNXyg8KiobUrbyIfaaaIY3P_e7e2X6JQgfe88\" \/>\n\t<link rel=\"canonical\" href=\"https:\/\/iran3037.cl\/web\/este-11-de-septiembre-la-memoria-abre-sus-puertas-iran-3037-te-espera\/\" \/>\n\t<meta name=\"generator\" content=\"All in One SEO (AIOSEO) 5.0.1.1\" \/>\n\t\t<meta property=\"og:locale\" content=\"es_ES\" \/>\n\t\t<meta property=\"og:site_name\" content=\"-\" \/>\n\t\t<meta property=\"og:type\" content=\"article\" \/>\n\t\t<meta property=\"og:title\" content=\"Este 11 de septiembre, la memoria abre sus puertas: Ir\u00e1n 3037 te espera -\" \/>\n\t\t<meta property=\"og:description\" content=\"El pr\u00f3ximo 11 de septiembre, el Sitio de Memoria Ir\u00e1n 3037 abrir\u00e1 sus puertas en el marco del 53.\u00ba aniversario del golpe de Estado contra el gobierno de Salvador Allende, con encuentros de memoria y visitas dialogadas que buscan propiciar una reflexi\u00f3n colectiva sobre nuestra historia y la importancia de preservar estos espacios. El cupo\" \/>\n\t\t<meta property=\"og:url\" content=\"https:\/\/iran3037.cl\/web\/este-11-de-septiembre-la-memoria-abre-sus-puertas-iran-3037-te-espera\/\" \/>\n\t\t<meta property=\"og:image\" content=\"https:\/\/iran3037.cl\/web\/wp-content\/uploads\/2026\/09\/Copia-de-anja-29.png\" \/>\n\t\t<meta property=\"og:image:secure_url\" content=\"https:\/\/iran3037.cl\/web\/wp-content\/uploads\/2026\/09\/Copia-de-anja-29.png\" \/>\n\t\t<meta property=\"og:image:width\" content=\"1200\" \/>\n\t\t<meta property=\"og:image:height\" content=\"800\" \/>\n\t\t<meta property=\"article:published_time\" content=\"2026-09-01T15:25:31+00:00\" \/>\n\t\t<meta property=\"article:modified_time\" content=\"2026-09-03T12:15:52+00:00\" \/>\n\t\t<meta name=\"twitter:card\" content=\"summary_large_image\" \/>\n\t\t<meta name=\"twitter:title\" content=\"Este 11 de septiembre, la memoria abre sus puertas: Ir\u00e1n 3037 te espera -\" \/>\n\t\t<meta name=\"twitter:description\" content=\"El pr\u00f3ximo 11 de septiembre, el Sitio de Memoria Ir\u00e1n 3037 abrir\u00e1 sus puertas en el marco del 53.\u00ba aniversario del golpe de Estado contra el gobierno de Salvador Allende, con encuentros de memoria y visitas dialogadas que buscan propiciar una reflexi\u00f3n colectiva sobre nuestra historia y la importancia de preservar estos espacios. El cupo\" \/>\n\t\t<meta name=\"twitter:image\" content=\"https:\/\/iran3037.cl\/web\/wp-content\/uploads\/2026\/09\/Copia-de-anja-29.png\" \/>\n\t\t<script type=\"application\/ld+json\" class=\"aioseo-schema\">\n\t\t\t{\"@context\":\"https:\\\/\\\/schema.org\",\"@graph\":[{\"@type\":\"BlogPosting\",\"@id\":\"https:\\\/\\\/iran3037.cl\\\/web\\\/este-11-de-septiembre-la-memoria-abre-sus-puertas-iran-3037-te-espera\\\/#blogposting\",\"name\":\"Este 11 de septiembre, la memoria abre sus puertas: Ir\\u00e1n 3037 te espera -\",\"headline\":\"Este 11 de septiembre, la memoria abre sus puertas: Ir\\u00e1n 3037 te espera\",\"author\":{\"@id\":\"https:\\\/\\\/iran3037.cl\\\/web\\\/author\\\/zeta\\\/#author\"},\"publisher\":{\"@id\":\"https:\\\/\\\/iran3037.cl\\\/web\\\/#organization\"},\"image\":{\"@type\":\"ImageObject\",\"url\":\"https:\\\/\\\/iran3037.cl\\\/web\\\/wp-content\\\/uploads\\\/2026\\\/09\\\/Copia-de-anja-29.png\",\"width\":1200,\"height\":800},\"datePublished\":\"2026-09-01T15:25:31+00:00\",\"dateModified\":\"2026-09-03T12:15:52+00:00\",\"inLanguage\":\"es-ES\",\"mainEntityOfPage\":{\"@id\":\"https:\\\/\\\/iran3037.cl\\\/web\\\/este-11-de-septiembre-la-memoria-abre-sus-puertas-iran-3037-te-espera\\\/#webpage\"},\"isPartOf\":{\"@id\":\"https:\\\/\\\/iran3037.cl\\\/web\\\/este-11-de-septiembre-la-memoria-abre-sus-puertas-iran-3037-te-espera\\\/#webpage\"},\"articleSection\":\"NOTICIAS\"},{\"@type\":\"BreadcrumbList\",\"@id\":\"https:\\\/\\\/iran3037.cl\\\/web\\\/este-11-de-septiembre-la-memoria-abre-sus-puertas-iran-3037-te-espera\\\/#breadcrumblist\",\"itemListElement\":[{\"@type\":\"ListItem\",\"@id\":\"https:\\\/\\\/iran3037.cl\\\/web#listItem\",\"position\":1,\"name\":\"Hogar\",\"item\":\"https:\\\/\\\/iran3037.cl\\\/web\",\"nextItem\":{\"@type\":\"ListItem\",\"@id\":\"https:\\\/\\\/iran3037.cl\\\/web\\\/category\\\/inicio\\\/#listItem\",\"name\":\"INICIO\"}},{\"@type\":\"ListItem\",\"@id\":\"https:\\\/\\\/iran3037.cl\\\/web\\\/category\\\/inicio\\\/#listItem\",\"position\":2,\"name\":\"INICIO\",\"item\":\"https:\\\/\\\/iran3037.cl\\\/web\\\/category\\\/inicio\\\/\",\"nextItem\":{\"@type\":\"ListItem\",\"@id\":\"https:\\\/\\\/iran3037.cl\\\/web\\\/category\\\/inicio\\\/sin-categoria\\\/#listItem\",\"name\":\"NOTICIAS\"},\"previousItem\":{\"@type\":\"ListItem\",\"@id\":\"https:\\\/\\\/iran3037.cl\\\/web#listItem\",\"name\":\"Hogar\"}},{\"@type\":\"ListItem\",\"@id\":\"https:\\\/\\\/iran3037.cl\\\/web\\\/category\\\/inicio\\\/sin-categoria\\\/#listItem\",\"position\":3,\"name\":\"NOTICIAS\",\"item\":\"https:\\\/\\\/iran3037.cl\\\/web\\\/category\\\/inicio\\\/sin-categoria\\\/\",\"nextItem\":{\"@type\":\"ListItem\",\"@id\":\"https:\\\/\\\/iran3037.cl\\\/web\\\/este-11-de-septiembre-la-memoria-abre-sus-puertas-iran-3037-te-espera\\\/#listItem\",\"name\":\"Este 11 de septiembre, la memoria abre sus puertas: Ir\\u00e1n 3037 te espera\"},\"previousItem\":{\"@type\":\"ListItem\",\"@id\":\"https:\\\/\\\/iran3037.cl\\\/web\\\/category\\\/inicio\\\/#listItem\",\"name\":\"INICIO\"}},{\"@type\":\"ListItem\",\"@id\":\"https:\\\/\\\/iran3037.cl\\\/web\\\/este-11-de-septiembre-la-memoria-abre-sus-puertas-iran-3037-te-espera\\\/#listItem\",\"position\":4,\"name\":\"Este 11 de septiembre, la memoria abre sus puertas: Ir\\u00e1n 3037 te espera\",\"previousItem\":{\"@type\":\"ListItem\",\"@id\":\"https:\\\/\\\/iran3037.cl\\\/web\\\/category\\\/inicio\\\/sin-categoria\\\/#listItem\",\"name\":\"NOTICIAS\"}}]},{\"@type\":\"Organization\",\"@id\":\"https:\\\/\\\/iran3037.cl\\\/web\\\/#organization\",\"name\":\"Asociaci\\u00f3n de Memoria y Derechos Humanos Venda Sexy\",\"description\":\"La Asociaci\\u00f3n Venda Sexy, fundada en 2013, preserva la memoria de v\\u00edctimas de represi\\u00f3n estatal gestionando el ex centro de tortura \\\"Venda Sexy\\\" en Ir\\u00e1n 3037, Santiago. Enfoca en derechos humanos, g\\u00e9nero y justicia.\",\"url\":\"https:\\\/\\\/iran3037.cl\\\/web\\\/\",\"email\":\"sitiodememoriairan3037@gmail.com\",\"logo\":{\"@type\":\"ImageObject\",\"url\":\"https:\\\/\\\/iran3037.cl\\\/web\\\/wp-content\\\/uploads\\\/2013\\\/11\\\/logo_iran_fondo_blanco__1_-removebg-preview-300x225.png\",\"@id\":\"https:\\\/\\\/iran3037.cl\\\/web\\\/este-11-de-septiembre-la-memoria-abre-sus-puertas-iran-3037-te-espera\\\/#organizationLogo\"},\"image\":{\"@id\":\"https:\\\/\\\/iran3037.cl\\\/web\\\/este-11-de-septiembre-la-memoria-abre-sus-puertas-iran-3037-te-espera\\\/#organizationLogo\"},\"sameAs\":[\"https:\\\/\\\/www.instagram.com\\\/sitiodememoriairan3037\\\/\"]},{\"@type\":\"Person\",\"@id\":\"https:\\\/\\\/iran3037.cl\\\/web\\\/author\\\/zeta\\\/#author\",\"url\":\"https:\\\/\\\/iran3037.cl\\\/web\\\/author\\\/zeta\\\/\",\"name\":\"Editor\",\"image\":{\"@type\":\"ImageObject\",\"@id\":\"https:\\\/\\\/iran3037.cl\\\/web\\\/este-11-de-septiembre-la-memoria-abre-sus-puertas-iran-3037-te-espera\\\/#authorImage\",\"url\":\"https:\\\/\\\/secure.gravatar.com\\\/avatar\\\/74271fcd0201e311909e9df88359fd9604a196ffca37b90cfc6ea05ebed6b6b7?s=96&d=mm&r=g\",\"width\":96,\"height\":96,\"caption\":\"Editor\"}},{\"@type\":\"WebPage\",\"@id\":\"https:\\\/\\\/iran3037.cl\\\/web\\\/este-11-de-septiembre-la-memoria-abre-sus-puertas-iran-3037-te-espera\\\/#webpage\",\"url\":\"https:\\\/\\\/iran3037.cl\\\/web\\\/este-11-de-septiembre-la-memoria-abre-sus-puertas-iran-3037-te-espera\\\/\",\"name\":\"Este 11 de septiembre, la memoria abre sus puertas: Ir\\u00e1n 3037 te espera -\",\"description\":\"El pr\\u00f3ximo 11 de septiembre, el Sitio de Memoria Ir\\u00e1n 3037 abrir\\u00e1 sus puertas en el marco del 53.\\u00ba aniversario del golpe de Estado contra el gobierno de Salvador Allende, con encuentros de memoria y visitas dialogadas que buscan propiciar una reflexi\\u00f3n colectiva sobre nuestra historia y la importancia de preservar estos espacios. El cupo\",\"inLanguage\":\"es-ES\",\"isPartOf\":{\"@id\":\"https:\\\/\\\/iran3037.cl\\\/web\\\/#website\"},\"breadcrumb\":{\"@id\":\"https:\\\/\\\/iran3037.cl\\\/web\\\/este-11-de-septiembre-la-memoria-abre-sus-puertas-iran-3037-te-espera\\\/#breadcrumblist\"},\"author\":{\"@id\":\"https:\\\/\\\/iran3037.cl\\\/web\\\/author\\\/zeta\\\/#author\"},\"creator\":{\"@id\":\"https:\\\/\\\/iran3037.cl\\\/web\\\/author\\\/zeta\\\/#author\"},\"image\":{\"@type\":\"ImageObject\",\"url\":\"https:\\\/\\\/iran3037.cl\\\/web\\\/wp-content\\\/uploads\\\/2026\\\/09\\\/Copia-de-anja-29.png\",\"@id\":\"https:\\\/\\\/iran3037.cl\\\/web\\\/este-11-de-septiembre-la-memoria-abre-sus-puertas-iran-3037-te-espera\\\/#mainImage\",\"width\":1200,\"height\":800},\"primaryImageOfPage\":{\"@id\":\"https:\\\/\\\/iran3037.cl\\\/web\\\/este-11-de-septiembre-la-memoria-abre-sus-puertas-iran-3037-te-espera\\\/#mainImage\"},\"datePublished\":\"2026-09-01T15:25:31+00:00\",\"dateModified\":\"2026-09-03T12:15:52+00:00\"},{\"@type\":\"WebSite\",\"@id\":\"https:\\\/\\\/iran3037.cl\\\/web\\\/#website\",\"url\":\"https:\\\/\\\/iran3037.cl\\\/web\\\/\",\"inLanguage\":\"es-ES\",\"publisher\":{\"@id\":\"https:\\\/\\\/iran3037.cl\\\/web\\\/#organization\"}}]}\n\t\t<\/script>\n\t\t<!-- All in One SEO -->\n\n","aioseo_head_json":{"title":"Este 11 de septiembre, la memoria abre sus puertas: Ir\u00e1n 3037 te espera -","description":"El pr\u00f3ximo 11 de septiembre, el Sitio de Memoria Ir\u00e1n 3037 abrir\u00e1 sus puertas en el marco del 53.\u00ba aniversario del golpe de Estado contra el gobierno de Salvador Allende, con encuentros de memoria y visitas dialogadas que buscan propiciar una reflexi\u00f3n colectiva sobre nuestra historia y la importancia de preservar estos espacios. El cupo","canonical_url":"https:\/\/iran3037.cl\/web\/este-11-de-septiembre-la-memoria-abre-sus-puertas-iran-3037-te-espera\/","robots":"max-image-preview:large","keywords":"","webmasterTools":{"google-site-verification":"qEAyNUSNXyg8KiobUrbyIfaaaIY3P_e7e2X6JQgfe88","miscellaneous":""},"schema":{"@context":"https:\/\/schema.org","@graph":[{"@type":"BlogPosting","@id":"https:\/\/iran3037.cl\/web\/este-11-de-septiembre-la-memoria-abre-sus-puertas-iran-3037-te-espera\/#blogposting","name":"Este 11 de septiembre, la memoria abre sus puertas: Ir\u00e1n 3037 te espera -","headline":"Este 11 de septiembre, la memoria abre sus puertas: Ir\u00e1n 3037 te espera","author":{"@id":"https:\/\/iran3037.cl\/web\/author\/zeta\/#author"},"publisher":{"@id":"https:\/\/iran3037.cl\/web\/#organization"},"image":{"@type":"ImageObject","url":"https:\/\/iran3037.cl\/web\/wp-content\/uploads\/2026\/09\/Copia-de-anja-29.png","width":1200,"height":800},"datePublished":"2026-09-01T15:25:31+00:00","dateModified":"2026-09-03T12:15:52+00:00","inLanguage":"es-ES","mainEntityOfPage":{"@id":"https:\/\/iran3037.cl\/web\/este-11-de-septiembre-la-memoria-abre-sus-puertas-iran-3037-te-espera\/#webpage"},"isPartOf":{"@id":"https:\/\/iran3037.cl\/web\/este-11-de-septiembre-la-memoria-abre-sus-puertas-iran-3037-te-espera\/#webpage"},"articleSection":"NOTICIAS"},{"@type":"BreadcrumbList","@id":"https:\/\/iran3037.cl\/web\/este-11-de-septiembre-la-memoria-abre-sus-puertas-iran-3037-te-espera\/#breadcrumblist","itemListElement":[{"@type":"ListItem","@id":"https:\/\/iran3037.cl\/web#listItem","position":1,"name":"Hogar","item":"https:\/\/iran3037.cl\/web","nextItem":{"@type":"ListItem","@id":"https:\/\/iran3037.cl\/web\/category\/inicio\/#listItem","name":"INICIO"}},{"@type":"ListItem","@id":"https:\/\/iran3037.cl\/web\/category\/inicio\/#listItem","position":2,"name":"INICIO","item":"https:\/\/iran3037.cl\/web\/category\/inicio\/","nextItem":{"@type":"ListItem","@id":"https:\/\/iran3037.cl\/web\/category\/inicio\/sin-categoria\/#listItem","name":"NOTICIAS"},"previousItem":{"@type":"ListItem","@id":"https:\/\/iran3037.cl\/web#listItem","name":"Hogar"}},{"@type":"ListItem","@id":"https:\/\/iran3037.cl\/web\/category\/inicio\/sin-categoria\/#listItem","position":3,"name":"NOTICIAS","item":"https:\/\/iran3037.cl\/web\/category\/inicio\/sin-categoria\/","nextItem":{"@type":"ListItem","@id":"https:\/\/iran3037.cl\/web\/este-11-de-septiembre-la-memoria-abre-sus-puertas-iran-3037-te-espera\/#listItem","name":"Este 11 de septiembre, la memoria abre sus puertas: Ir\u00e1n 3037 te espera"},"previousItem":{"@type":"ListItem","@id":"https:\/\/iran3037.cl\/web\/category\/inicio\/#listItem","name":"INICIO"}},{"@type":"ListItem","@id":"https:\/\/iran3037.cl\/web\/este-11-de-septiembre-la-memoria-abre-sus-puertas-iran-3037-te-espera\/#listItem","position":4,"name":"Este 11 de septiembre, la memoria abre sus puertas: Ir\u00e1n 3037 te espera","previousItem":{"@type":"ListItem","@id":"https:\/\/iran3037.cl\/web\/category\/inicio\/sin-categoria\/#listItem","name":"NOTICIAS"}}]},{"@type":"Organization","@id":"https:\/\/iran3037.cl\/web\/#organization","name":"Asociaci\u00f3n de Memoria y Derechos Humanos Venda Sexy","description":"La Asociaci\u00f3n Venda Sexy, fundada en 2013, preserva la memoria de v\u00edctimas de represi\u00f3n estatal gestionando el ex centro de tortura \"Venda Sexy\" en Ir\u00e1n 3037, Santiago. Enfoca en derechos humanos, g\u00e9nero y justicia.","url":"https:\/\/iran3037.cl\/web\/","email":"sitiodememoriairan3037@gmail.com","logo":{"@type":"ImageObject","url":"https:\/\/iran3037.cl\/web\/wp-content\/uploads\/2013\/11\/logo_iran_fondo_blanco__1_-removebg-preview-300x225.png","@id":"https:\/\/iran3037.cl\/web\/este-11-de-septiembre-la-memoria-abre-sus-puertas-iran-3037-te-espera\/#organizationLogo"},"image":{"@id":"https:\/\/iran3037.cl\/web\/este-11-de-septiembre-la-memoria-abre-sus-puertas-iran-3037-te-espera\/#organizationLogo"},"sameAs":["https:\/\/www.instagram.com\/sitiodememoriairan3037\/"]},{"@type":"Person","@id":"https:\/\/iran3037.cl\/web\/author\/zeta\/#author","url":"https:\/\/iran3037.cl\/web\/author\/zeta\/","name":"Editor","image":{"@type":"ImageObject","@id":"https:\/\/iran3037.cl\/web\/este-11-de-septiembre-la-memoria-abre-sus-puertas-iran-3037-te-espera\/#authorImage","url":"https:\/\/secure.gravatar.com\/avatar\/74271fcd0201e311909e9df88359fd9604a196ffca37b90cfc6ea05ebed6b6b7?s=96&d=mm&r=g","width":96,"height":96,"caption":"Editor"}},{"@type":"WebPage","@id":"https:\/\/iran3037.cl\/web\/este-11-de-septiembre-la-memoria-abre-sus-puertas-iran-3037-te-espera\/#webpage","url":"https:\/\/iran3037.cl\/web\/este-11-de-septiembre-la-memoria-abre-sus-puertas-iran-3037-te-espera\/","name":"Este 11 de septiembre, la memoria abre sus puertas: Ir\u00e1n 3037 te espera -","description":"El pr\u00f3ximo 11 de septiembre, el Sitio de Memoria Ir\u00e1n 3037 abrir\u00e1 sus puertas en el marco del 53.\u00ba aniversario del golpe de Estado contra el gobierno de Salvador Allende, con encuentros de memoria y visitas dialogadas que buscan propiciar una reflexi\u00f3n colectiva sobre nuestra historia y la importancia de preservar estos espacios. El cupo","inLanguage":"es-ES","isPartOf":{"@id":"https:\/\/iran3037.cl\/web\/#website"},"breadcrumb":{"@id":"https:\/\/iran3037.cl\/web\/este-11-de-septiembre-la-memoria-abre-sus-puertas-iran-3037-te-espera\/#breadcrumblist"},"author":{"@id":"https:\/\/iran3037.cl\/web\/author\/zeta\/#author"},"creator":{"@id":"https:\/\/iran3037.cl\/web\/author\/zeta\/#author"},"image":{"@type":"ImageObject","url":"https:\/\/iran3037.cl\/web\/wp-content\/uploads\/2026\/09\/Copia-de-anja-29.png","@id":"https:\/\/iran3037.cl\/web\/este-11-de-septiembre-la-memoria-abre-sus-puertas-iran-3037-te-espera\/#mainImage","width":1200,"height":800},"primaryImageOfPage":{"@id":"https:\/\/iran3037.cl\/web\/este-11-de-septiembre-la-memoria-abre-sus-puertas-iran-3037-te-espera\/#mainImage"},"datePublished":"2026-09-01T15:25:31+00:00","dateModified":"2026-09-03T12:15:52+00:00"},{"@type":"WebSite","@id":"https:\/\/iran3037.cl\/web\/#website","url":"https:\/\/iran3037.cl\/web\/","inLanguage":"es-ES","publisher":{"@id":"https:\/\/iran3037.cl\/web\/#organization"}}]},"og:locale":"es_ES","og:site_name":"-","og:type":"article","og:title":"Este 11 de septiembre, la memoria abre sus puertas: Ir\u00e1n 3037 te espera -","og:description":"El pr\u00f3ximo 11 de septiembre, el Sitio de Memoria Ir\u00e1n 3037 abrir\u00e1 sus puertas en el marco del 53.\u00ba aniversario del golpe de Estado contra el gobierno de Salvador Allende, con encuentros de memoria y visitas dialogadas que buscan propiciar una reflexi\u00f3n colectiva sobre nuestra historia y la importancia de preservar estos espacios. El cupo","og:url":"https:\/\/iran3037.cl\/web\/este-11-de-septiembre-la-memoria-abre-sus-puertas-iran-3037-te-espera\/","og:image":"https:\/\/iran3037.cl\/web\/wp-content\/uploads\/2026\/09\/Copia-de-anja-29.png","og:image:secure_url":"https:\/\/iran3037.cl\/web\/wp-content\/uploads\/2026\/09\/Copia-de-anja-29.png","og:image:width":"1200","og:image:height":"800","article:published_time":"2026-09-01T15:25:31+00:00","article:modified_time":"2026-09-03T12:15:52+00:00","twitter:card":"summary_large_image","twitter:title":"Este 11 de septiembre, la memoria abre sus puertas: Ir\u00e1n 3037 te espera -","twitter:description":"El pr\u00f3ximo 11 de septiembre, el Sitio de Memoria Ir\u00e1n 3037 abrir\u00e1 sus puertas en el marco del 53.\u00ba aniversario del golpe de Estado contra el gobierno de Salvador Allende, con encuentros de memoria y visitas dialogadas que buscan propiciar una reflexi\u00f3n colectiva sobre nuestra historia y la importancia de preservar estos espacios. El cupo","twitter:image":"https:\/\/iran3037.cl\/web\/wp-content\/uploads\/2026\/09\/Copia-de-anja-29.png"},"aioseo_meta_data":{"post_id":"22096","title":null,"description":null,"keywords":null,"keyphrases":{"focus":{"keyphrase":"","score":0,"analysis":{"keyphraseInTitle":{"score":0,"maxScore":9,"error":1}}},"additional":[]},"primary_term":null,"canonical_url":null,"og_title":null,"og_description":null,"og_object_type":"default","og_image_type":"featured","og_image_url":"https:\/\/iran3037.cl\/web\/wp-content\/uploads\/2026\/09\/Copia-de-anja-29.png","og_image_width":"1200","og_image_height":"800","og_image_custom_url":null,"og_image_custom_fields":null,"og_video":"","og_custom_url":null,"og_article_section":null,"og_article_tags":null,"twitter_use_og":false,"twitter_card":"default","twitter_image_type":"featured","twitter_image_url":"https:\/\/iran3037.cl\/web\/wp-content\/uploads\/2026\/09\/Copia-de-anja-29.png","twitter_image_custom_url":null,"twitter_image_custom_fields":null,"twitter_title":null,"twitter_description":null,"schema":{"blockGraphs":[],"customGraphs":[],"default":{"data":{"Article":[],"Course":[],"Dataset":[],"FAQPage":[],"Movie":[],"Person":[],"Product":[],"ProductReview":[],"Car":[],"Recipe":[],"Service":[],"SoftwareApplication":[],"WebPage":[]},"graphName":"BlogPosting","isEnabled":true},"graphs":[]},"schema_type":"default","schema_type_options":null,"pillar_content":false,"robots_default":true,"robots_noindex":false,"robots_noarchive":false,"robots_nosnippet":false,"robots_nofollow":false,"robots_noimageindex":false,"robots_noodp":false,"robots_notranslate":false,"robots_max_snippet":"-1","robots_max_videopreview":"-1","robots_max_imagepreview":"large","priority":null,"frequency":"default","local_seo":null,"limit_modified_date":false,"created":"2026-09-01 15:25:34","updated":"2026-09-03 13:00:42","ai":{"faqs":[],"keyPoints":[],"schemas":[],"titles":[],"descriptions":[],"socialPosts":{"email":{"subject":"","preview":"","content":""},"linkedin":[],"twitter":[],"facebook":[],"instagram":[]}},"breadcrumb_settings":null,"seo_analyzer_scan_date":null,"focus_keyword":null,"additional_keywords":null,"truseo_locale":null},"aioseo_breadcrumb":"<div class=\"aioseo-breadcrumbs\"><span class=\"aioseo-breadcrumb\">\n\t\t\t<a href=\"https:\/\/iran3037.cl\/web\" title=\"Hogar\">Hogar<\/a>\n\t\t<\/span><span class=\"aioseo-breadcrumb-separator\">&raquo;<\/span><span class=\"aioseo-breadcrumb\">\n\t\t\t<a href=\"https:\/\/iran3037.cl\/web\/category\/inicio\/\" title=\"INICIO\">INICIO<\/a>\n\t\t<\/span><span class=\"aioseo-breadcrumb-separator\">&raquo;<\/span><span class=\"aioseo-breadcrumb\">\n\t\t\t<a href=\"https:\/\/iran3037.cl\/web\/category\/inicio\/sin-categoria\/\" title=\"NOTICIAS\">NOTICIAS<\/a>\n\t\t<\/span><span class=\"aioseo-breadcrumb-separator\">&raquo;<\/span><span class=\"aioseo-breadcrumb\">\n\t\t\tEste 11 de septiembre, la memoria abre sus puertas: Ir\u00e1n 3037 te espera\n\t\t<\/span><\/div>","aioseo_breadcrumb_json":[{"label":"Hogar","link":"https:\/\/iran3037.cl\/web"},{"label":"INICIO","link":"https:\/\/iran3037.cl\/web\/category\/inicio\/"},{"label":"NOTICIAS","link":"https:\/\/iran3037.cl\/web\/category\/inicio\/sin-categoria\/"},{"label":"Este 11 de septiembre, la memoria abre sus puertas: Ir\u00e1n 3037 te espera","link":"https:\/\/iran3037.cl\/web\/este-11-de-septiembre-la-memoria-abre-sus-puertas-iran-3037-te-espera\/"}],"uagb_featured_image_src":{"full":["https:\/\/iran3037.cl\/web\/wp-content\/uploads\/2026\/09\/Copia-de-anja-29.png",1200,800,false],"thumbnail":["https:\/\/iran3037.cl\/web\/wp-content\/uploads\/2026\/09\/Copia-de-anja-29-150x150.png",150,150,true],"medium":["https:\/\/iran3037.cl\/web\/wp-content\/uploads\/2026\/09\/Copia-de-anja-29-300x200.png",300,200,true],"medium_large":["https:\/\/iran3037.cl\/web\/wp-content\/uploads\/2026\/09\/Copia-de-anja-29-768x512.png",640,427,true],"large":["https:\/\/iran3037.cl\/web\/wp-content\/uploads\/2026\/09\/Copia-de-anja-29-1024x683.png",640,427,true],"1536x1536":["https:\/\/iran3037.cl\/web\/wp-content\/uploads\/2026\/09\/Copia-de-anja-29.png",1200,800,false],"2048x2048":["https:\/\/iran3037.cl\/web\/wp-content\/uploads\/2026\/09\/Copia-de-anja-29.png",1200,800,false],"morenews-large":["https:\/\/iran3037.cl\/web\/wp-content\/uploads\/2026\/09\/Copia-de-anja-29-825x575.png",825,575,true],"morenews-medium":["https:\/\/iran3037.cl\/web\/wp-content\/uploads\/2026\/09\/Copia-de-anja-29-590x410.png",590,410,true]},"uagb_author_info":{"display_name":"Editor","author_link":"https:\/\/iran3037.cl\/web\/author\/zeta\/"},"uagb_comment_info":0,"uagb_excerpt":"El pr\u00f3ximo 11 de septiembre, el Sitio de Memoria Ir\u00e1n 3037 abrir\u00e1 sus puertas en el marco del","_links":{"self":[{"href":"https:\/\/iran3037.cl\/web\/wp-json\/wp\/v2\/posts\/22096","targetHints":{"allow":["GET"]}}],"collection":[{"href":"https:\/\/iran3037.cl\/web\/wp-json\/wp\/v2\/posts"}],"about":[{"href":"https:\/\/iran3037.cl\/web\/wp-json\/wp\/v2\/types\/post"}],"author":[{"embeddable":true,"href":"https:\/\/iran3037.cl\/web\/wp-json\/wp\/v2\/users\/3"}],"replies":[{"embeddable":true,"href":"https:\/\/iran3037.cl\/web\/wp-json\/wp\/v2\/comments?post=22096"}],"version-history":[{"count":3,"href":"https:\/\/iran3037.cl\/web\/wp-json\/wp\/v2\/posts\/22096\/revisions"}],"predecessor-version":[{"id":22101,"href":"https:\/\/iran3037.cl\/web\/wp-json\/wp\/v2\/posts\/22096\/revisions\/22101"}],"wp:featuredmedia":[{"embeddable":true,"href":"https:\/\/iran3037.cl\/web\/wp-json\/wp\/v2\/media\/22098"}],"wp:attachment":[{"href":"https:\/\/iran3037.cl\/web\/wp-json\/wp\/v2\/media?parent=22096"}],"wp:term":[{"taxonomy":"category","embeddable":true,"href":"https:\/\/iran3037.cl\/web\/wp-json\/wp\/v2\/categories?post=22096"},{"taxonomy":"post_tag","embeddable":true,"href":"https:\/\/iran3037.cl\/web\/wp-json\/wp\/v2\/tags?post=22096"}],"curies":[{"name":"wp","href":"https:\/\/api.w.org\/{rel}","templated":true}]}}