{"id":22055,"date":"2026-08-31T01:24:22","date_gmt":"2026-08-31T01:24:22","guid":{"rendered":"https:\/\/iran3037.cl\/web\/?p=22055"},"modified":"2026-08-31T01:32:34","modified_gmt":"2026-08-31T01:32:34","slug":"rostros-que-vuelven-a-habitar-la-memoria","status":"publish","type":"post","link":"https:\/\/iran3037.cl\/web\/rostros-que-vuelven-a-habitar-la-memoria\/","title":{"rendered":"Rostros que vuelven a habitar la memoria"},"content":{"rendered":"\n<p class=\"wp-block-paragraph\">En el marco del <strong>D\u00eda Internacional de las V\u00edctimas de Desapariciones Forzadas<\/strong>, el pasado <strong>s\u00e1bado 29 de agosto<\/strong>, el <strong>Sitio de Memoria Ir\u00e1n 3037<\/strong> desarroll\u00f3 una jornada art\u00edstica, cultural y conmemorativa que vincul\u00f3 memoria, territorio y comunidad.<\/p>\n\n\n\n<p class=\"wp-block-paragraph\">La jornada comenz\u00f3 con un <strong>Encuentro de Memorias y recorrido por la casa<\/strong>, para luego continuar con una <strong>caminata conmemorativa por Plaza Arabia<\/strong>, donde los rostros y nombres de personas detenidas desaparecidas estuvieron presentes en el espacio p\u00fablico.<\/p>\n\n\n\n<p class=\"wp-block-paragraph\">El video -creaci\u00f3n de <a href=\"https:\/\/www.instagram.com\/drivermitu\" title=\"\"><strong>Manuel Iturriaga<\/strong><\/a>&#8211; registra este momento: fotograf\u00edas de las v\u00edctimas instaladas entre los \u00e1rboles, acompa\u00f1ando el paisaje cotidiano y dialogando silenciosamente con quienes transitan por el lugar.<\/p>\n\n\n\n<p class=\"wp-block-paragraph\"><\/p>\n\n\n\n<figure class=\"wp-block-embed is-type-video is-provider-youtube wp-block-embed-youtube wp-embed-aspect-16-9 wp-has-aspect-ratio\"><div class=\"wp-block-embed__wrapper\">\n<iframe loading=\"lazy\" title=\"Rostros que vuelven a habitar la memoria\" width=\"640\" height=\"360\" src=\"https:\/\/www.youtube.com\/embed\/iC7SGB-SpwM?feature=oembed\" frameborder=\"0\" allow=\"accelerometer; autoplay; clipboard-write; encrypted-media; gyroscope; picture-in-picture; web-share\" referrerpolicy=\"strict-origin-when-cross-origin\" allowfullscreen><\/iframe>\n<\/div><figcaption class=\"wp-element-caption\">Pedro Pastor: Los olvidados<\/figcaption><\/figure>\n\n\n\n<p class=\"wp-block-paragraph\"><\/p>\n\n\n\n<p class=\"wp-block-paragraph\">Cada fotograf\u00eda representa una vida, una historia familiar, un proyecto interrumpido y una ausencia que permanece. Al encontrarse con estos rostros en un espacio p\u00fablico, la memoria deja de ser algo distante y se transforma en una experiencia cercana, visible y colectiva.<\/p>\n\n\n\n<p class=\"wp-block-paragraph\">Las im\u00e1genes entre la vegetaci\u00f3n generan un poderoso simbolismo: <strong>la memoria se abre paso, permanece y vuelve a crecer<\/strong>. Los \u00e1rboles, las personas y las fotograf\u00edas construyen un paisaje donde pasado y presente se encuentran.<\/p>\n\n\n\n<p class=\"wp-block-paragraph\">La jornada culmin\u00f3 con la presentaci\u00f3n musical del <strong>D\u00fao Rivera de Pablo<\/strong>, integrando arte y memoria como herramientas para fortalecer la reflexi\u00f3n y el compromiso con los derechos humanos.<\/p>\n\n\n\n<p class=\"wp-block-paragraph\">Porque recordar no significa quedarse en el pasado. Significa reconocer lo ocurrido, dignificar a quienes fueron v\u00edctimas y transmitir a las nuevas generaciones la importancia del <strong>Nunca M\u00e1s<\/strong>.<\/p>\n\n\n\n<p class=\"wp-block-paragraph\"><\/p>\n\n\n\n<p class=\"wp-block-paragraph\"><strong>Frente a cada rostro, hay una historia que merece ser conocida.<\/strong><\/p>\n\n\n\n<p class=\"wp-block-paragraph\"><strong>La memoria permanece cuando somos capaces de mirarla, reconocerla y compartirla.<\/strong><\/p>\n\n\n\n<p class=\"wp-block-paragraph\"><\/p>\n\n\n\n<p class=\"wp-block-paragraph\"><\/p>\n","protected":false},"excerpt":{"rendered":"<p>En el marco del D\u00eda Internacional de las V\u00edctimas de Desapariciones Forzadas, el pasado s\u00e1bado 29 de agosto,<\/p>\n","protected":false},"author":3,"featured_media":22056,"comment_status":"closed","ping_status":"closed","sticky":false,"template":"","format":"standard","meta":{"om_disable_all_campaigns":false,"_eb_attr":"","_uag_custom_page_level_css":"","_monsterinsights_skip_tracking":false,"iawp_total_views":32,"footnotes":""},"categories":[1,6],"tags":[],"class_list":["post-22055","post","type-post","status-publish","format-standard","has-post-thumbnail","hentry","category-sin-categoria","category-videos"],"aioseo_notices":[],"aioseo_head":"\n\t\t<!-- All in One SEO 5.0.1.1 - aioseo.com -->\n\t<meta name=\"description\" content=\"En el marco del D\u00eda Internacional de las V\u00edctimas de Desapariciones Forzadas, el pasado s\u00e1bado 29 de agosto, el Sitio de Memoria Ir\u00e1n 3037 desarroll\u00f3 una jornada art\u00edstica, cultural y conmemorativa que vincul\u00f3 memoria, territorio y comunidad. La jornada comenz\u00f3 con un Encuentro de Memorias y recorrido por la casa, para luego continuar con una\" \/>\n\t<meta name=\"robots\" content=\"max-image-preview:large\" \/>\n\t<meta name=\"author\" content=\"Editor\"\/>\n\t<meta name=\"google-site-verification\" content=\"qEAyNUSNXyg8KiobUrbyIfaaaIY3P_e7e2X6JQgfe88\" \/>\n\t<link rel=\"canonical\" href=\"https:\/\/iran3037.cl\/web\/rostros-que-vuelven-a-habitar-la-memoria\/\" \/>\n\t<meta name=\"generator\" content=\"All in One SEO (AIOSEO) 5.0.1.1\" \/>\n\t\t<meta property=\"og:locale\" content=\"es_ES\" \/>\n\t\t<meta property=\"og:site_name\" content=\"-\" \/>\n\t\t<meta property=\"og:type\" content=\"article\" \/>\n\t\t<meta property=\"og:title\" content=\"Rostros que vuelven a habitar la memoria -\" \/>\n\t\t<meta property=\"og:description\" content=\"En el marco del D\u00eda Internacional de las V\u00edctimas de Desapariciones Forzadas, el pasado s\u00e1bado 29 de agosto, el Sitio de Memoria Ir\u00e1n 3037 desarroll\u00f3 una jornada art\u00edstica, cultural y conmemorativa que vincul\u00f3 memoria, territorio y comunidad. La jornada comenz\u00f3 con un Encuentro de Memorias y recorrido por la casa, para luego continuar con una\" \/>\n\t\t<meta property=\"og:url\" content=\"https:\/\/iran3037.cl\/web\/rostros-que-vuelven-a-habitar-la-memoria\/\" \/>\n\t\t<meta property=\"og:image\" content=\"https:\/\/iran3037.cl\/web\/wp-content\/uploads\/2026\/08\/Copia-de-anja-26.png\" \/>\n\t\t<meta property=\"og:image:secure_url\" content=\"https:\/\/iran3037.cl\/web\/wp-content\/uploads\/2026\/08\/Copia-de-anja-26.png\" \/>\n\t\t<meta property=\"og:image:width\" content=\"1200\" \/>\n\t\t<meta property=\"og:image:height\" content=\"800\" \/>\n\t\t<meta property=\"article:published_time\" content=\"2026-08-31T01:24:22+00:00\" \/>\n\t\t<meta property=\"article:modified_time\" content=\"2026-08-31T01:32:34+00:00\" \/>\n\t\t<meta name=\"twitter:card\" content=\"summary_large_image\" \/>\n\t\t<meta name=\"twitter:title\" content=\"Rostros que vuelven a habitar la memoria -\" \/>\n\t\t<meta name=\"twitter:description\" content=\"En el marco del D\u00eda Internacional de las V\u00edctimas de Desapariciones Forzadas, el pasado s\u00e1bado 29 de agosto, el Sitio de Memoria Ir\u00e1n 3037 desarroll\u00f3 una jornada art\u00edstica, cultural y conmemorativa que vincul\u00f3 memoria, territorio y comunidad. La jornada comenz\u00f3 con un Encuentro de Memorias y recorrido por la casa, para luego continuar con una\" \/>\n\t\t<meta name=\"twitter:image\" content=\"https:\/\/iran3037.cl\/web\/wp-content\/uploads\/2026\/08\/Copia-de-anja-26.png\" \/>\n\t\t<script type=\"application\/ld+json\" class=\"aioseo-schema\">\n\t\t\t{\"@context\":\"https:\\\/\\\/schema.org\",\"@graph\":[{\"@type\":\"BlogPosting\",\"@id\":\"https:\\\/\\\/iran3037.cl\\\/web\\\/rostros-que-vuelven-a-habitar-la-memoria\\\/#blogposting\",\"name\":\"Rostros que vuelven a habitar la memoria -\",\"headline\":\"Rostros que vuelven a habitar la memoria\",\"author\":{\"@id\":\"https:\\\/\\\/iran3037.cl\\\/web\\\/author\\\/zeta\\\/#author\"},\"publisher\":{\"@id\":\"https:\\\/\\\/iran3037.cl\\\/web\\\/#organization\"},\"image\":{\"@type\":\"ImageObject\",\"url\":\"https:\\\/\\\/iran3037.cl\\\/web\\\/wp-content\\\/uploads\\\/2026\\\/08\\\/Copia-de-anja-26.png\",\"width\":1200,\"height\":800},\"datePublished\":\"2026-08-31T01:24:22+00:00\",\"dateModified\":\"2026-08-31T01:32:34+00:00\",\"inLanguage\":\"es-ES\",\"mainEntityOfPage\":{\"@id\":\"https:\\\/\\\/iran3037.cl\\\/web\\\/rostros-que-vuelven-a-habitar-la-memoria\\\/#webpage\"},\"isPartOf\":{\"@id\":\"https:\\\/\\\/iran3037.cl\\\/web\\\/rostros-que-vuelven-a-habitar-la-memoria\\\/#webpage\"},\"articleSection\":\"NOTICIAS, VIDEOS\"},{\"@type\":\"BreadcrumbList\",\"@id\":\"https:\\\/\\\/iran3037.cl\\\/web\\\/rostros-que-vuelven-a-habitar-la-memoria\\\/#breadcrumblist\",\"itemListElement\":[{\"@type\":\"ListItem\",\"@id\":\"https:\\\/\\\/iran3037.cl\\\/web#listItem\",\"position\":1,\"name\":\"Hogar\",\"item\":\"https:\\\/\\\/iran3037.cl\\\/web\",\"nextItem\":{\"@type\":\"ListItem\",\"@id\":\"https:\\\/\\\/iran3037.cl\\\/web\\\/category\\\/inicio\\\/#listItem\",\"name\":\"INICIO\"}},{\"@type\":\"ListItem\",\"@id\":\"https:\\\/\\\/iran3037.cl\\\/web\\\/category\\\/inicio\\\/#listItem\",\"position\":2,\"name\":\"INICIO\",\"item\":\"https:\\\/\\\/iran3037.cl\\\/web\\\/category\\\/inicio\\\/\",\"nextItem\":{\"@type\":\"ListItem\",\"@id\":\"https:\\\/\\\/iran3037.cl\\\/web\\\/category\\\/inicio\\\/sin-categoria\\\/#listItem\",\"name\":\"NOTICIAS\"},\"previousItem\":{\"@type\":\"ListItem\",\"@id\":\"https:\\\/\\\/iran3037.cl\\\/web#listItem\",\"name\":\"Hogar\"}},{\"@type\":\"ListItem\",\"@id\":\"https:\\\/\\\/iran3037.cl\\\/web\\\/category\\\/inicio\\\/sin-categoria\\\/#listItem\",\"position\":3,\"name\":\"NOTICIAS\",\"item\":\"https:\\\/\\\/iran3037.cl\\\/web\\\/category\\\/inicio\\\/sin-categoria\\\/\",\"nextItem\":{\"@type\":\"ListItem\",\"@id\":\"https:\\\/\\\/iran3037.cl\\\/web\\\/rostros-que-vuelven-a-habitar-la-memoria\\\/#listItem\",\"name\":\"Rostros que vuelven a habitar la memoria\"},\"previousItem\":{\"@type\":\"ListItem\",\"@id\":\"https:\\\/\\\/iran3037.cl\\\/web\\\/category\\\/inicio\\\/#listItem\",\"name\":\"INICIO\"}},{\"@type\":\"ListItem\",\"@id\":\"https:\\\/\\\/iran3037.cl\\\/web\\\/rostros-que-vuelven-a-habitar-la-memoria\\\/#listItem\",\"position\":4,\"name\":\"Rostros que vuelven a habitar la memoria\",\"previousItem\":{\"@type\":\"ListItem\",\"@id\":\"https:\\\/\\\/iran3037.cl\\\/web\\\/category\\\/inicio\\\/sin-categoria\\\/#listItem\",\"name\":\"NOTICIAS\"}}]},{\"@type\":\"Organization\",\"@id\":\"https:\\\/\\\/iran3037.cl\\\/web\\\/#organization\",\"name\":\"Asociaci\\u00f3n de Memoria y Derechos Humanos Venda Sexy\",\"description\":\"La Asociaci\\u00f3n Venda Sexy, fundada en 2013, preserva la memoria de v\\u00edctimas de represi\\u00f3n estatal gestionando el ex centro de tortura \\\"Venda Sexy\\\" en Ir\\u00e1n 3037, Santiago. Enfoca en derechos humanos, g\\u00e9nero y justicia.\",\"url\":\"https:\\\/\\\/iran3037.cl\\\/web\\\/\",\"email\":\"sitiodememoriairan3037@gmail.com\",\"logo\":{\"@type\":\"ImageObject\",\"url\":\"https:\\\/\\\/iran3037.cl\\\/web\\\/wp-content\\\/uploads\\\/2013\\\/11\\\/logo_iran_fondo_blanco__1_-removebg-preview-300x225.png\",\"@id\":\"https:\\\/\\\/iran3037.cl\\\/web\\\/rostros-que-vuelven-a-habitar-la-memoria\\\/#organizationLogo\"},\"image\":{\"@id\":\"https:\\\/\\\/iran3037.cl\\\/web\\\/rostros-que-vuelven-a-habitar-la-memoria\\\/#organizationLogo\"},\"sameAs\":[\"https:\\\/\\\/www.instagram.com\\\/sitiodememoriairan3037\\\/\"]},{\"@type\":\"Person\",\"@id\":\"https:\\\/\\\/iran3037.cl\\\/web\\\/author\\\/zeta\\\/#author\",\"url\":\"https:\\\/\\\/iran3037.cl\\\/web\\\/author\\\/zeta\\\/\",\"name\":\"Editor\",\"image\":{\"@type\":\"ImageObject\",\"@id\":\"https:\\\/\\\/iran3037.cl\\\/web\\\/rostros-que-vuelven-a-habitar-la-memoria\\\/#authorImage\",\"url\":\"https:\\\/\\\/secure.gravatar.com\\\/avatar\\\/74271fcd0201e311909e9df88359fd9604a196ffca37b90cfc6ea05ebed6b6b7?s=96&d=mm&r=g\",\"width\":96,\"height\":96,\"caption\":\"Editor\"}},{\"@type\":\"WebPage\",\"@id\":\"https:\\\/\\\/iran3037.cl\\\/web\\\/rostros-que-vuelven-a-habitar-la-memoria\\\/#webpage\",\"url\":\"https:\\\/\\\/iran3037.cl\\\/web\\\/rostros-que-vuelven-a-habitar-la-memoria\\\/\",\"name\":\"Rostros que vuelven a habitar la memoria -\",\"description\":\"En el marco del D\\u00eda Internacional de las V\\u00edctimas de Desapariciones Forzadas, el pasado s\\u00e1bado 29 de agosto, el Sitio de Memoria Ir\\u00e1n 3037 desarroll\\u00f3 una jornada art\\u00edstica, cultural y conmemorativa que vincul\\u00f3 memoria, territorio y comunidad. La jornada comenz\\u00f3 con un Encuentro de Memorias y recorrido por la casa, para luego continuar con una\",\"inLanguage\":\"es-ES\",\"isPartOf\":{\"@id\":\"https:\\\/\\\/iran3037.cl\\\/web\\\/#website\"},\"breadcrumb\":{\"@id\":\"https:\\\/\\\/iran3037.cl\\\/web\\\/rostros-que-vuelven-a-habitar-la-memoria\\\/#breadcrumblist\"},\"author\":{\"@id\":\"https:\\\/\\\/iran3037.cl\\\/web\\\/author\\\/zeta\\\/#author\"},\"creator\":{\"@id\":\"https:\\\/\\\/iran3037.cl\\\/web\\\/author\\\/zeta\\\/#author\"},\"image\":{\"@type\":\"ImageObject\",\"url\":\"https:\\\/\\\/iran3037.cl\\\/web\\\/wp-content\\\/uploads\\\/2026\\\/08\\\/Copia-de-anja-26.png\",\"@id\":\"https:\\\/\\\/iran3037.cl\\\/web\\\/rostros-que-vuelven-a-habitar-la-memoria\\\/#mainImage\",\"width\":1200,\"height\":800},\"primaryImageOfPage\":{\"@id\":\"https:\\\/\\\/iran3037.cl\\\/web\\\/rostros-que-vuelven-a-habitar-la-memoria\\\/#mainImage\"},\"datePublished\":\"2026-08-31T01:24:22+00:00\",\"dateModified\":\"2026-08-31T01:32:34+00:00\"},{\"@type\":\"WebSite\",\"@id\":\"https:\\\/\\\/iran3037.cl\\\/web\\\/#website\",\"url\":\"https:\\\/\\\/iran3037.cl\\\/web\\\/\",\"inLanguage\":\"es-ES\",\"publisher\":{\"@id\":\"https:\\\/\\\/iran3037.cl\\\/web\\\/#organization\"}}]}\n\t\t<\/script>\n\t\t<!-- All in One SEO -->\n\n","aioseo_head_json":{"title":"Rostros que vuelven a habitar la memoria -","description":"En el marco del D\u00eda Internacional de las V\u00edctimas de Desapariciones Forzadas, el pasado s\u00e1bado 29 de agosto, el Sitio de Memoria Ir\u00e1n 3037 desarroll\u00f3 una jornada art\u00edstica, cultural y conmemorativa que vincul\u00f3 memoria, territorio y comunidad. La jornada comenz\u00f3 con un Encuentro de Memorias y recorrido por la casa, para luego continuar con una","canonical_url":"https:\/\/iran3037.cl\/web\/rostros-que-vuelven-a-habitar-la-memoria\/","robots":"max-image-preview:large","keywords":"","webmasterTools":{"google-site-verification":"qEAyNUSNXyg8KiobUrbyIfaaaIY3P_e7e2X6JQgfe88","miscellaneous":""},"schema":{"@context":"https:\/\/schema.org","@graph":[{"@type":"BlogPosting","@id":"https:\/\/iran3037.cl\/web\/rostros-que-vuelven-a-habitar-la-memoria\/#blogposting","name":"Rostros que vuelven a habitar la memoria -","headline":"Rostros que vuelven a habitar la memoria","author":{"@id":"https:\/\/iran3037.cl\/web\/author\/zeta\/#author"},"publisher":{"@id":"https:\/\/iran3037.cl\/web\/#organization"},"image":{"@type":"ImageObject","url":"https:\/\/iran3037.cl\/web\/wp-content\/uploads\/2026\/08\/Copia-de-anja-26.png","width":1200,"height":800},"datePublished":"2026-08-31T01:24:22+00:00","dateModified":"2026-08-31T01:32:34+00:00","inLanguage":"es-ES","mainEntityOfPage":{"@id":"https:\/\/iran3037.cl\/web\/rostros-que-vuelven-a-habitar-la-memoria\/#webpage"},"isPartOf":{"@id":"https:\/\/iran3037.cl\/web\/rostros-que-vuelven-a-habitar-la-memoria\/#webpage"},"articleSection":"NOTICIAS, VIDEOS"},{"@type":"BreadcrumbList","@id":"https:\/\/iran3037.cl\/web\/rostros-que-vuelven-a-habitar-la-memoria\/#breadcrumblist","itemListElement":[{"@type":"ListItem","@id":"https:\/\/iran3037.cl\/web#listItem","position":1,"name":"Hogar","item":"https:\/\/iran3037.cl\/web","nextItem":{"@type":"ListItem","@id":"https:\/\/iran3037.cl\/web\/category\/inicio\/#listItem","name":"INICIO"}},{"@type":"ListItem","@id":"https:\/\/iran3037.cl\/web\/category\/inicio\/#listItem","position":2,"name":"INICIO","item":"https:\/\/iran3037.cl\/web\/category\/inicio\/","nextItem":{"@type":"ListItem","@id":"https:\/\/iran3037.cl\/web\/category\/inicio\/sin-categoria\/#listItem","name":"NOTICIAS"},"previousItem":{"@type":"ListItem","@id":"https:\/\/iran3037.cl\/web#listItem","name":"Hogar"}},{"@type":"ListItem","@id":"https:\/\/iran3037.cl\/web\/category\/inicio\/sin-categoria\/#listItem","position":3,"name":"NOTICIAS","item":"https:\/\/iran3037.cl\/web\/category\/inicio\/sin-categoria\/","nextItem":{"@type":"ListItem","@id":"https:\/\/iran3037.cl\/web\/rostros-que-vuelven-a-habitar-la-memoria\/#listItem","name":"Rostros que vuelven a habitar la memoria"},"previousItem":{"@type":"ListItem","@id":"https:\/\/iran3037.cl\/web\/category\/inicio\/#listItem","name":"INICIO"}},{"@type":"ListItem","@id":"https:\/\/iran3037.cl\/web\/rostros-que-vuelven-a-habitar-la-memoria\/#listItem","position":4,"name":"Rostros que vuelven a habitar la memoria","previousItem":{"@type":"ListItem","@id":"https:\/\/iran3037.cl\/web\/category\/inicio\/sin-categoria\/#listItem","name":"NOTICIAS"}}]},{"@type":"Organization","@id":"https:\/\/iran3037.cl\/web\/#organization","name":"Asociaci\u00f3n de Memoria y Derechos Humanos Venda Sexy","description":"La Asociaci\u00f3n Venda Sexy, fundada en 2013, preserva la memoria de v\u00edctimas de represi\u00f3n estatal gestionando el ex centro de tortura \"Venda Sexy\" en Ir\u00e1n 3037, Santiago. Enfoca en derechos humanos, g\u00e9nero y justicia.","url":"https:\/\/iran3037.cl\/web\/","email":"sitiodememoriairan3037@gmail.com","logo":{"@type":"ImageObject","url":"https:\/\/iran3037.cl\/web\/wp-content\/uploads\/2013\/11\/logo_iran_fondo_blanco__1_-removebg-preview-300x225.png","@id":"https:\/\/iran3037.cl\/web\/rostros-que-vuelven-a-habitar-la-memoria\/#organizationLogo"},"image":{"@id":"https:\/\/iran3037.cl\/web\/rostros-que-vuelven-a-habitar-la-memoria\/#organizationLogo"},"sameAs":["https:\/\/www.instagram.com\/sitiodememoriairan3037\/"]},{"@type":"Person","@id":"https:\/\/iran3037.cl\/web\/author\/zeta\/#author","url":"https:\/\/iran3037.cl\/web\/author\/zeta\/","name":"Editor","image":{"@type":"ImageObject","@id":"https:\/\/iran3037.cl\/web\/rostros-que-vuelven-a-habitar-la-memoria\/#authorImage","url":"https:\/\/secure.gravatar.com\/avatar\/74271fcd0201e311909e9df88359fd9604a196ffca37b90cfc6ea05ebed6b6b7?s=96&d=mm&r=g","width":96,"height":96,"caption":"Editor"}},{"@type":"WebPage","@id":"https:\/\/iran3037.cl\/web\/rostros-que-vuelven-a-habitar-la-memoria\/#webpage","url":"https:\/\/iran3037.cl\/web\/rostros-que-vuelven-a-habitar-la-memoria\/","name":"Rostros que vuelven a habitar la memoria -","description":"En el marco del D\u00eda Internacional de las V\u00edctimas de Desapariciones Forzadas, el pasado s\u00e1bado 29 de agosto, el Sitio de Memoria Ir\u00e1n 3037 desarroll\u00f3 una jornada art\u00edstica, cultural y conmemorativa que vincul\u00f3 memoria, territorio y comunidad. La jornada comenz\u00f3 con un Encuentro de Memorias y recorrido por la casa, para luego continuar con una","inLanguage":"es-ES","isPartOf":{"@id":"https:\/\/iran3037.cl\/web\/#website"},"breadcrumb":{"@id":"https:\/\/iran3037.cl\/web\/rostros-que-vuelven-a-habitar-la-memoria\/#breadcrumblist"},"author":{"@id":"https:\/\/iran3037.cl\/web\/author\/zeta\/#author"},"creator":{"@id":"https:\/\/iran3037.cl\/web\/author\/zeta\/#author"},"image":{"@type":"ImageObject","url":"https:\/\/iran3037.cl\/web\/wp-content\/uploads\/2026\/08\/Copia-de-anja-26.png","@id":"https:\/\/iran3037.cl\/web\/rostros-que-vuelven-a-habitar-la-memoria\/#mainImage","width":1200,"height":800},"primaryImageOfPage":{"@id":"https:\/\/iran3037.cl\/web\/rostros-que-vuelven-a-habitar-la-memoria\/#mainImage"},"datePublished":"2026-08-31T01:24:22+00:00","dateModified":"2026-08-31T01:32:34+00:00"},{"@type":"WebSite","@id":"https:\/\/iran3037.cl\/web\/#website","url":"https:\/\/iran3037.cl\/web\/","inLanguage":"es-ES","publisher":{"@id":"https:\/\/iran3037.cl\/web\/#organization"}}]},"og:locale":"es_ES","og:site_name":"-","og:type":"article","og:title":"Rostros que vuelven a habitar la memoria -","og:description":"En el marco del D\u00eda Internacional de las V\u00edctimas de Desapariciones Forzadas, el pasado s\u00e1bado 29 de agosto, el Sitio de Memoria Ir\u00e1n 3037 desarroll\u00f3 una jornada art\u00edstica, cultural y conmemorativa que vincul\u00f3 memoria, territorio y comunidad. La jornada comenz\u00f3 con un Encuentro de Memorias y recorrido por la casa, para luego continuar con una","og:url":"https:\/\/iran3037.cl\/web\/rostros-que-vuelven-a-habitar-la-memoria\/","og:image":"https:\/\/iran3037.cl\/web\/wp-content\/uploads\/2026\/08\/Copia-de-anja-26.png","og:image:secure_url":"https:\/\/iran3037.cl\/web\/wp-content\/uploads\/2026\/08\/Copia-de-anja-26.png","og:image:width":"1200","og:image:height":"800","article:published_time":"2026-08-31T01:24:22+00:00","article:modified_time":"2026-08-31T01:32:34+00:00","twitter:card":"summary_large_image","twitter:title":"Rostros que vuelven a habitar la memoria -","twitter:description":"En el marco del D\u00eda Internacional de las V\u00edctimas de Desapariciones Forzadas, el pasado s\u00e1bado 29 de agosto, el Sitio de Memoria Ir\u00e1n 3037 desarroll\u00f3 una jornada art\u00edstica, cultural y conmemorativa que vincul\u00f3 memoria, territorio y comunidad. La jornada comenz\u00f3 con un Encuentro de Memorias y recorrido por la casa, para luego continuar con una","twitter:image":"https:\/\/iran3037.cl\/web\/wp-content\/uploads\/2026\/08\/Copia-de-anja-26.png"},"aioseo_meta_data":{"post_id":"22055","title":null,"description":null,"keywords":null,"keyphrases":{"focus":{"keyphrase":"","score":0,"analysis":{"keyphraseInTitle":{"score":0,"maxScore":9,"error":1}}},"additional":[]},"primary_term":null,"canonical_url":null,"og_title":null,"og_description":null,"og_object_type":"default","og_image_type":"featured","og_image_url":"https:\/\/iran3037.cl\/web\/wp-content\/uploads\/2026\/08\/Copia-de-anja-26.png","og_image_width":"1200","og_image_height":"800","og_image_custom_url":null,"og_image_custom_fields":null,"og_video":"","og_custom_url":null,"og_article_section":null,"og_article_tags":null,"twitter_use_og":false,"twitter_card":"default","twitter_image_type":"featured","twitter_image_url":"https:\/\/iran3037.cl\/web\/wp-content\/uploads\/2026\/08\/Copia-de-anja-26.png","twitter_image_custom_url":null,"twitter_image_custom_fields":null,"twitter_title":null,"twitter_description":null,"schema":{"blockGraphs":[],"customGraphs":[],"default":{"data":{"Article":[],"Course":[],"Dataset":[],"FAQPage":[],"Movie":[],"Person":[],"Product":[],"ProductReview":[],"Car":[],"Recipe":[],"Service":[],"SoftwareApplication":[],"WebPage":[]},"graphName":"BlogPosting","isEnabled":true},"graphs":[]},"schema_type":"default","schema_type_options":null,"pillar_content":false,"robots_default":true,"robots_noindex":false,"robots_noarchive":false,"robots_nosnippet":false,"robots_nofollow":false,"robots_noimageindex":false,"robots_noodp":false,"robots_notranslate":false,"robots_max_snippet":"-1","robots_max_videopreview":"-1","robots_max_imagepreview":"large","priority":null,"frequency":"default","local_seo":null,"limit_modified_date":false,"created":"2026-08-31 01:24:24","updated":"2026-08-31 02:39:09","ai":{"faqs":[],"keyPoints":[],"schemas":[],"titles":[],"descriptions":[],"socialPosts":{"email":{"subject":"","preview":"","content":""},"linkedin":[],"twitter":[],"facebook":[],"instagram":[]}},"breadcrumb_settings":null,"seo_analyzer_scan_date":null,"focus_keyword":null,"additional_keywords":null,"truseo_locale":null},"aioseo_breadcrumb":"<div class=\"aioseo-breadcrumbs\"><span class=\"aioseo-breadcrumb\">\n\t\t\t<a href=\"https:\/\/iran3037.cl\/web\" title=\"Hogar\">Hogar<\/a>\n\t\t<\/span><span class=\"aioseo-breadcrumb-separator\">&raquo;<\/span><span class=\"aioseo-breadcrumb\">\n\t\t\t<a href=\"https:\/\/iran3037.cl\/web\/category\/inicio\/\" title=\"INICIO\">INICIO<\/a>\n\t\t<\/span><span class=\"aioseo-breadcrumb-separator\">&raquo;<\/span><span class=\"aioseo-breadcrumb\">\n\t\t\t<a href=\"https:\/\/iran3037.cl\/web\/category\/inicio\/sin-categoria\/\" title=\"NOTICIAS\">NOTICIAS<\/a>\n\t\t<\/span><span class=\"aioseo-breadcrumb-separator\">&raquo;<\/span><span class=\"aioseo-breadcrumb\">\n\t\t\tRostros que vuelven a habitar la memoria\n\t\t<\/span><\/div>","aioseo_breadcrumb_json":[{"label":"Hogar","link":"https:\/\/iran3037.cl\/web"},{"label":"INICIO","link":"https:\/\/iran3037.cl\/web\/category\/inicio\/"},{"label":"NOTICIAS","link":"https:\/\/iran3037.cl\/web\/category\/inicio\/sin-categoria\/"},{"label":"Rostros que vuelven a habitar la memoria","link":"https:\/\/iran3037.cl\/web\/rostros-que-vuelven-a-habitar-la-memoria\/"}],"uagb_featured_image_src":{"full":["https:\/\/iran3037.cl\/web\/wp-content\/uploads\/2026\/08\/Copia-de-anja-26.png",1200,800,false],"thumbnail":["https:\/\/iran3037.cl\/web\/wp-content\/uploads\/2026\/08\/Copia-de-anja-26-150x150.png",150,150,true],"medium":["https:\/\/iran3037.cl\/web\/wp-content\/uploads\/2026\/08\/Copia-de-anja-26-300x200.png",300,200,true],"medium_large":["https:\/\/iran3037.cl\/web\/wp-content\/uploads\/2026\/08\/Copia-de-anja-26-768x512.png",640,427,true],"large":["https:\/\/iran3037.cl\/web\/wp-content\/uploads\/2026\/08\/Copia-de-anja-26-1024x683.png",640,427,true],"1536x1536":["https:\/\/iran3037.cl\/web\/wp-content\/uploads\/2026\/08\/Copia-de-anja-26.png",1200,800,false],"2048x2048":["https:\/\/iran3037.cl\/web\/wp-content\/uploads\/2026\/08\/Copia-de-anja-26.png",1200,800,false],"morenews-large":["https:\/\/iran3037.cl\/web\/wp-content\/uploads\/2026\/08\/Copia-de-anja-26-825x575.png",825,575,true],"morenews-medium":["https:\/\/iran3037.cl\/web\/wp-content\/uploads\/2026\/08\/Copia-de-anja-26-590x410.png",590,410,true]},"uagb_author_info":{"display_name":"Editor","author_link":"https:\/\/iran3037.cl\/web\/author\/zeta\/"},"uagb_comment_info":0,"uagb_excerpt":"En el marco del D\u00eda Internacional de las V\u00edctimas de Desapariciones Forzadas, el pasado s\u00e1bado 29 de agosto,","_links":{"self":[{"href":"https:\/\/iran3037.cl\/web\/wp-json\/wp\/v2\/posts\/22055","targetHints":{"allow":["GET"]}}],"collection":[{"href":"https:\/\/iran3037.cl\/web\/wp-json\/wp\/v2\/posts"}],"about":[{"href":"https:\/\/iran3037.cl\/web\/wp-json\/wp\/v2\/types\/post"}],"author":[{"embeddable":true,"href":"https:\/\/iran3037.cl\/web\/wp-json\/wp\/v2\/users\/3"}],"replies":[{"embeddable":true,"href":"https:\/\/iran3037.cl\/web\/wp-json\/wp\/v2\/comments?post=22055"}],"version-history":[{"count":2,"href":"https:\/\/iran3037.cl\/web\/wp-json\/wp\/v2\/posts\/22055\/revisions"}],"predecessor-version":[{"id":22059,"href":"https:\/\/iran3037.cl\/web\/wp-json\/wp\/v2\/posts\/22055\/revisions\/22059"}],"wp:featuredmedia":[{"embeddable":true,"href":"https:\/\/iran3037.cl\/web\/wp-json\/wp\/v2\/media\/22056"}],"wp:attachment":[{"href":"https:\/\/iran3037.cl\/web\/wp-json\/wp\/v2\/media?parent=22055"}],"wp:term":[{"taxonomy":"category","embeddable":true,"href":"https:\/\/iran3037.cl\/web\/wp-json\/wp\/v2\/categories?post=22055"},{"taxonomy":"post_tag","embeddable":true,"href":"https:\/\/iran3037.cl\/web\/wp-json\/wp\/v2\/tags?post=22055"}],"curies":[{"name":"wp","href":"https:\/\/api.w.org\/{rel}","templated":true}]}}