{"id":22049,"date":"2026-08-30T15:37:59","date_gmt":"2026-08-30T15:37:59","guid":{"rendered":"https:\/\/iran3037.cl\/web\/?p=22049"},"modified":"2026-08-30T15:38:56","modified_gmt":"2026-08-30T15:38:56","slug":"dia-internacional-de-las-victimas-de-desapariciones-forzadas-memoria-y-lucha-en-chile","status":"publish","type":"post","link":"https:\/\/iran3037.cl\/web\/dia-internacional-de-las-victimas-de-desapariciones-forzadas-memoria-y-lucha-en-chile\/","title":{"rendered":"D\u00eda Internacional de las V\u00edctimas de Desapariciones Forzadas: memoria y lucha en Chile"},"content":{"rendered":"\n<p class=\"wp-block-paragraph\">En 2026 se cumplen veinte a\u00f1os de la adopci\u00f3n de la Convenci\u00f3n Internacional para la Protecci\u00f3n de Todas las Personas contra las Desapariciones Forzadas, el \u00fanico tratado universal dedicado espec\u00edficamente a prevenir y erradicar esta pr\u00e1ctica.<\/p>\n\n\n\n<p class=\"wp-block-paragraph\">El 21 de diciembre de 2010, la Asamblea General de las Naciones Unidas manifest\u00f3 su preocupaci\u00f3n por el aumento de las desapariciones forzadas o involuntarias en distintas regiones del mundo. Considerando la gravedad y persistencia de este fen\u00f3meno, utilizado masivamente durante el siglo XX en diferentes pa\u00edses, se estableci\u00f3 el 30 de agosto como el D\u00eda Internacional de las V\u00edctimas de Desapariciones Forzadas.<\/p>\n\n\n\n<p class=\"wp-block-paragraph\">En Chile, las agrupaciones de familiares y organizaciones de derechos humanos conmemoran esta fecha como el D\u00eda Internacional del Detenido Desaparecido. Durante la dictadura c\u00edvico-militar encabezada por Augusto Pinochet, la desaparici\u00f3n forzada fue empleada sistem\u00e1ticamente por la Junta Militar y sus organismos represivos contra personas consideradas parte del denominado \u201cenemigo interno\u201d.<\/p>\n\n\n\n<p class=\"wp-block-paragraph\">Por nuestro Sitio de Memoria Ir\u00e1n 3037 pasaron 32 personas que fueron detenidas y posteriormente hechas desaparecer, durante el per\u00edodo en que el inmueble funcion\u00f3 como centro clandestino de detenci\u00f3n y tortura conocido como Venda Sexy.<\/p>\n\n\n\n<p class=\"wp-block-paragraph\">A 16 a\u00f1os de esta conmemoraci\u00f3n, la fecha mantiene plena vigencia en nuestro pa\u00eds y adquiere especial relevancia frente a los desaf\u00edos que persisten en materia de verdad, justicia, reparaci\u00f3n y garant\u00edas de no repetici\u00f3n. Ante el negacionismo y los cuestionamientos a los avances en derechos humanos, resulta necesario mantener una posici\u00f3n firme y continuar fortaleciendo los espacios de memoria y los valores que sustentan una sociedad democr\u00e1tica y respetuosa de la dignidad humana.<\/p>\n\n\n\n<p class=\"wp-block-paragraph\">En Ir\u00e1n 3037, recordar esta fecha adquiere un significado particular. Las 32 personas detenidas desaparecidas que pasaron por este lugar forman parte de una historia que no puede ser reducida a solo cifras. Sus nombres, trayectorias y circunstancias de sus desapariciones permanecen como parte de la memoria que este espacio busca preservar y transmitir a las nuevas generaciones.<\/p>\n\n\n\n<p class=\"wp-block-paragraph\">Mantener vivo este sitio significa tambi\u00e9n reafirmar un compromiso con la verdad, la justicia y la no repetici\u00f3n. Frente a los discursos que buscan relativizar o negar los cr\u00edmenes cometidos durante la dictadura, la memoria se convierte en una herramienta para comprender nuestro pasado y defender, en el presente, el respeto irrestricto de los derechos humanos.<\/p>\n\n\n\n<p class=\"wp-block-paragraph\"><\/p>\n\n\n\n<figure class=\"wp-block-image aligncenter size-large\"><a href=\"https:\/\/iran3037.cl\/web\/wp-content\/uploads\/2026\/08\/30agosto.jpeg\"><img loading=\"lazy\" decoding=\"async\" width=\"819\" height=\"1024\" src=\"https:\/\/iran3037.cl\/web\/wp-content\/uploads\/2026\/08\/30agosto-819x1024.jpeg\" alt=\"\" class=\"wp-image-22051\" srcset=\"https:\/\/iran3037.cl\/web\/wp-content\/uploads\/2026\/08\/30agosto-819x1024.jpeg 819w, https:\/\/iran3037.cl\/web\/wp-content\/uploads\/2026\/08\/30agosto-768x960.jpeg 768w, https:\/\/iran3037.cl\/web\/wp-content\/uploads\/2026\/08\/30agosto-240x300.jpeg 240w, https:\/\/iran3037.cl\/web\/wp-content\/uploads\/2026\/08\/30agosto.jpeg 1080w\" sizes=\"auto, (max-width: 819px) 100vw, 819px\" \/><\/a><\/figure>\n","protected":false},"excerpt":{"rendered":"<p>En 2026 se cumplen veinte a\u00f1os de la adopci\u00f3n de la Convenci\u00f3n Internacional para la Protecci\u00f3n de Todas<\/p>\n","protected":false},"author":3,"featured_media":22050,"comment_status":"closed","ping_status":"closed","sticky":false,"template":"","format":"standard","meta":{"om_disable_all_campaigns":false,"_eb_attr":"","_uag_custom_page_level_css":"","_monsterinsights_skip_tracking":false,"iawp_total_views":34,"footnotes":""},"categories":[1],"tags":[],"class_list":["post-22049","post","type-post","status-publish","format-standard","has-post-thumbnail","hentry","category-sin-categoria"],"aioseo_notices":[],"aioseo_head":"\n\t\t<!-- All in One SEO 5.0.1.1 - aioseo.com -->\n\t<meta name=\"description\" content=\"En 2026 se cumplen veinte a\u00f1os de la adopci\u00f3n de la Convenci\u00f3n Internacional para la Protecci\u00f3n de Todas las Personas contra las Desapariciones Forzadas, el \u00fanico tratado universal dedicado espec\u00edficamente a prevenir y erradicar esta pr\u00e1ctica. El 21 de diciembre de 2010, la Asamblea General de las Naciones Unidas manifest\u00f3 su preocupaci\u00f3n por el aumento\" \/>\n\t<meta name=\"robots\" content=\"max-image-preview:large\" \/>\n\t<meta name=\"author\" content=\"Editor\"\/>\n\t<meta name=\"google-site-verification\" content=\"qEAyNUSNXyg8KiobUrbyIfaaaIY3P_e7e2X6JQgfe88\" \/>\n\t<link rel=\"canonical\" href=\"https:\/\/iran3037.cl\/web\/dia-internacional-de-las-victimas-de-desapariciones-forzadas-memoria-y-lucha-en-chile\/\" \/>\n\t<meta name=\"generator\" content=\"All in One SEO (AIOSEO) 5.0.1.1\" \/>\n\t\t<meta property=\"og:locale\" content=\"es_ES\" \/>\n\t\t<meta property=\"og:site_name\" content=\"-\" \/>\n\t\t<meta property=\"og:type\" content=\"article\" \/>\n\t\t<meta property=\"og:title\" content=\"D\u00eda Internacional de las V\u00edctimas de Desapariciones Forzadas: memoria y lucha en Chile -\" \/>\n\t\t<meta property=\"og:description\" content=\"En 2026 se cumplen veinte a\u00f1os de la adopci\u00f3n de la Convenci\u00f3n Internacional para la Protecci\u00f3n de Todas las Personas contra las Desapariciones Forzadas, el \u00fanico tratado universal dedicado espec\u00edficamente a prevenir y erradicar esta pr\u00e1ctica. El 21 de diciembre de 2010, la Asamblea General de las Naciones Unidas manifest\u00f3 su preocupaci\u00f3n por el aumento\" \/>\n\t\t<meta property=\"og:url\" content=\"https:\/\/iran3037.cl\/web\/dia-internacional-de-las-victimas-de-desapariciones-forzadas-memoria-y-lucha-en-chile\/\" \/>\n\t\t<meta property=\"og:image\" content=\"https:\/\/iran3037.cl\/web\/wp-content\/uploads\/2026\/08\/Copia-de-anja-25.png\" \/>\n\t\t<meta property=\"og:image:secure_url\" content=\"https:\/\/iran3037.cl\/web\/wp-content\/uploads\/2026\/08\/Copia-de-anja-25.png\" \/>\n\t\t<meta property=\"og:image:width\" content=\"1200\" \/>\n\t\t<meta property=\"og:image:height\" content=\"800\" \/>\n\t\t<meta property=\"article:published_time\" content=\"2026-08-30T15:37:59+00:00\" \/>\n\t\t<meta property=\"article:modified_time\" content=\"2026-08-30T15:38:56+00:00\" \/>\n\t\t<meta name=\"twitter:card\" content=\"summary_large_image\" \/>\n\t\t<meta name=\"twitter:title\" content=\"D\u00eda Internacional de las V\u00edctimas de Desapariciones Forzadas: memoria y lucha en Chile -\" \/>\n\t\t<meta name=\"twitter:description\" content=\"En 2026 se cumplen veinte a\u00f1os de la adopci\u00f3n de la Convenci\u00f3n Internacional para la Protecci\u00f3n de Todas las Personas contra las Desapariciones Forzadas, el \u00fanico tratado universal dedicado espec\u00edficamente a prevenir y erradicar esta pr\u00e1ctica. El 21 de diciembre de 2010, la Asamblea General de las Naciones Unidas manifest\u00f3 su preocupaci\u00f3n por el aumento\" \/>\n\t\t<meta name=\"twitter:image\" content=\"https:\/\/iran3037.cl\/web\/wp-content\/uploads\/2026\/08\/Copia-de-anja-25.png\" \/>\n\t\t<script type=\"application\/ld+json\" class=\"aioseo-schema\">\n\t\t\t{\"@context\":\"https:\\\/\\\/schema.org\",\"@graph\":[{\"@type\":\"BlogPosting\",\"@id\":\"https:\\\/\\\/iran3037.cl\\\/web\\\/dia-internacional-de-las-victimas-de-desapariciones-forzadas-memoria-y-lucha-en-chile\\\/#blogposting\",\"name\":\"D\\u00eda Internacional de las V\\u00edctimas de Desapariciones Forzadas: memoria y lucha en Chile -\",\"headline\":\"D\\u00eda Internacional de las V\\u00edctimas de Desapariciones Forzadas: memoria y lucha en Chile\",\"author\":{\"@id\":\"https:\\\/\\\/iran3037.cl\\\/web\\\/author\\\/zeta\\\/#author\"},\"publisher\":{\"@id\":\"https:\\\/\\\/iran3037.cl\\\/web\\\/#organization\"},\"image\":{\"@type\":\"ImageObject\",\"url\":\"https:\\\/\\\/iran3037.cl\\\/web\\\/wp-content\\\/uploads\\\/2026\\\/08\\\/Copia-de-anja-25.png\",\"width\":1200,\"height\":800},\"datePublished\":\"2026-08-30T15:37:59+00:00\",\"dateModified\":\"2026-08-30T15:38:56+00:00\",\"inLanguage\":\"es-ES\",\"mainEntityOfPage\":{\"@id\":\"https:\\\/\\\/iran3037.cl\\\/web\\\/dia-internacional-de-las-victimas-de-desapariciones-forzadas-memoria-y-lucha-en-chile\\\/#webpage\"},\"isPartOf\":{\"@id\":\"https:\\\/\\\/iran3037.cl\\\/web\\\/dia-internacional-de-las-victimas-de-desapariciones-forzadas-memoria-y-lucha-en-chile\\\/#webpage\"},\"articleSection\":\"NOTICIAS\"},{\"@type\":\"BreadcrumbList\",\"@id\":\"https:\\\/\\\/iran3037.cl\\\/web\\\/dia-internacional-de-las-victimas-de-desapariciones-forzadas-memoria-y-lucha-en-chile\\\/#breadcrumblist\",\"itemListElement\":[{\"@type\":\"ListItem\",\"@id\":\"https:\\\/\\\/iran3037.cl\\\/web#listItem\",\"position\":1,\"name\":\"Hogar\",\"item\":\"https:\\\/\\\/iran3037.cl\\\/web\",\"nextItem\":{\"@type\":\"ListItem\",\"@id\":\"https:\\\/\\\/iran3037.cl\\\/web\\\/category\\\/inicio\\\/#listItem\",\"name\":\"INICIO\"}},{\"@type\":\"ListItem\",\"@id\":\"https:\\\/\\\/iran3037.cl\\\/web\\\/category\\\/inicio\\\/#listItem\",\"position\":2,\"name\":\"INICIO\",\"item\":\"https:\\\/\\\/iran3037.cl\\\/web\\\/category\\\/inicio\\\/\",\"nextItem\":{\"@type\":\"ListItem\",\"@id\":\"https:\\\/\\\/iran3037.cl\\\/web\\\/category\\\/inicio\\\/sin-categoria\\\/#listItem\",\"name\":\"NOTICIAS\"},\"previousItem\":{\"@type\":\"ListItem\",\"@id\":\"https:\\\/\\\/iran3037.cl\\\/web#listItem\",\"name\":\"Hogar\"}},{\"@type\":\"ListItem\",\"@id\":\"https:\\\/\\\/iran3037.cl\\\/web\\\/category\\\/inicio\\\/sin-categoria\\\/#listItem\",\"position\":3,\"name\":\"NOTICIAS\",\"item\":\"https:\\\/\\\/iran3037.cl\\\/web\\\/category\\\/inicio\\\/sin-categoria\\\/\",\"nextItem\":{\"@type\":\"ListItem\",\"@id\":\"https:\\\/\\\/iran3037.cl\\\/web\\\/dia-internacional-de-las-victimas-de-desapariciones-forzadas-memoria-y-lucha-en-chile\\\/#listItem\",\"name\":\"D\\u00eda Internacional de las V\\u00edctimas de Desapariciones Forzadas: memoria y lucha en Chile\"},\"previousItem\":{\"@type\":\"ListItem\",\"@id\":\"https:\\\/\\\/iran3037.cl\\\/web\\\/category\\\/inicio\\\/#listItem\",\"name\":\"INICIO\"}},{\"@type\":\"ListItem\",\"@id\":\"https:\\\/\\\/iran3037.cl\\\/web\\\/dia-internacional-de-las-victimas-de-desapariciones-forzadas-memoria-y-lucha-en-chile\\\/#listItem\",\"position\":4,\"name\":\"D\\u00eda Internacional de las V\\u00edctimas de Desapariciones Forzadas: memoria y lucha en Chile\",\"previousItem\":{\"@type\":\"ListItem\",\"@id\":\"https:\\\/\\\/iran3037.cl\\\/web\\\/category\\\/inicio\\\/sin-categoria\\\/#listItem\",\"name\":\"NOTICIAS\"}}]},{\"@type\":\"Organization\",\"@id\":\"https:\\\/\\\/iran3037.cl\\\/web\\\/#organization\",\"name\":\"Asociaci\\u00f3n de Memoria y Derechos Humanos Venda Sexy\",\"description\":\"La Asociaci\\u00f3n Venda Sexy, fundada en 2013, preserva la memoria de v\\u00edctimas de represi\\u00f3n estatal gestionando el ex centro de tortura \\\"Venda Sexy\\\" en Ir\\u00e1n 3037, Santiago. Enfoca en derechos humanos, g\\u00e9nero y justicia.\",\"url\":\"https:\\\/\\\/iran3037.cl\\\/web\\\/\",\"email\":\"sitiodememoriairan3037@gmail.com\",\"logo\":{\"@type\":\"ImageObject\",\"url\":\"https:\\\/\\\/iran3037.cl\\\/web\\\/wp-content\\\/uploads\\\/2013\\\/11\\\/logo_iran_fondo_blanco__1_-removebg-preview-300x225.png\",\"@id\":\"https:\\\/\\\/iran3037.cl\\\/web\\\/dia-internacional-de-las-victimas-de-desapariciones-forzadas-memoria-y-lucha-en-chile\\\/#organizationLogo\"},\"image\":{\"@id\":\"https:\\\/\\\/iran3037.cl\\\/web\\\/dia-internacional-de-las-victimas-de-desapariciones-forzadas-memoria-y-lucha-en-chile\\\/#organizationLogo\"},\"sameAs\":[\"https:\\\/\\\/www.instagram.com\\\/sitiodememoriairan3037\\\/\"]},{\"@type\":\"Person\",\"@id\":\"https:\\\/\\\/iran3037.cl\\\/web\\\/author\\\/zeta\\\/#author\",\"url\":\"https:\\\/\\\/iran3037.cl\\\/web\\\/author\\\/zeta\\\/\",\"name\":\"Editor\",\"image\":{\"@type\":\"ImageObject\",\"@id\":\"https:\\\/\\\/iran3037.cl\\\/web\\\/dia-internacional-de-las-victimas-de-desapariciones-forzadas-memoria-y-lucha-en-chile\\\/#authorImage\",\"url\":\"https:\\\/\\\/secure.gravatar.com\\\/avatar\\\/74271fcd0201e311909e9df88359fd9604a196ffca37b90cfc6ea05ebed6b6b7?s=96&d=mm&r=g\",\"width\":96,\"height\":96,\"caption\":\"Editor\"}},{\"@type\":\"WebPage\",\"@id\":\"https:\\\/\\\/iran3037.cl\\\/web\\\/dia-internacional-de-las-victimas-de-desapariciones-forzadas-memoria-y-lucha-en-chile\\\/#webpage\",\"url\":\"https:\\\/\\\/iran3037.cl\\\/web\\\/dia-internacional-de-las-victimas-de-desapariciones-forzadas-memoria-y-lucha-en-chile\\\/\",\"name\":\"D\\u00eda Internacional de las V\\u00edctimas de Desapariciones Forzadas: memoria y lucha en Chile -\",\"description\":\"En 2026 se cumplen veinte a\\u00f1os de la adopci\\u00f3n de la Convenci\\u00f3n Internacional para la Protecci\\u00f3n de Todas las Personas contra las Desapariciones Forzadas, el \\u00fanico tratado universal dedicado espec\\u00edficamente a prevenir y erradicar esta pr\\u00e1ctica. El 21 de diciembre de 2010, la Asamblea General de las Naciones Unidas manifest\\u00f3 su preocupaci\\u00f3n por el aumento\",\"inLanguage\":\"es-ES\",\"isPartOf\":{\"@id\":\"https:\\\/\\\/iran3037.cl\\\/web\\\/#website\"},\"breadcrumb\":{\"@id\":\"https:\\\/\\\/iran3037.cl\\\/web\\\/dia-internacional-de-las-victimas-de-desapariciones-forzadas-memoria-y-lucha-en-chile\\\/#breadcrumblist\"},\"author\":{\"@id\":\"https:\\\/\\\/iran3037.cl\\\/web\\\/author\\\/zeta\\\/#author\"},\"creator\":{\"@id\":\"https:\\\/\\\/iran3037.cl\\\/web\\\/author\\\/zeta\\\/#author\"},\"image\":{\"@type\":\"ImageObject\",\"url\":\"https:\\\/\\\/iran3037.cl\\\/web\\\/wp-content\\\/uploads\\\/2026\\\/08\\\/Copia-de-anja-25.png\",\"@id\":\"https:\\\/\\\/iran3037.cl\\\/web\\\/dia-internacional-de-las-victimas-de-desapariciones-forzadas-memoria-y-lucha-en-chile\\\/#mainImage\",\"width\":1200,\"height\":800},\"primaryImageOfPage\":{\"@id\":\"https:\\\/\\\/iran3037.cl\\\/web\\\/dia-internacional-de-las-victimas-de-desapariciones-forzadas-memoria-y-lucha-en-chile\\\/#mainImage\"},\"datePublished\":\"2026-08-30T15:37:59+00:00\",\"dateModified\":\"2026-08-30T15:38:56+00:00\"},{\"@type\":\"WebSite\",\"@id\":\"https:\\\/\\\/iran3037.cl\\\/web\\\/#website\",\"url\":\"https:\\\/\\\/iran3037.cl\\\/web\\\/\",\"inLanguage\":\"es-ES\",\"publisher\":{\"@id\":\"https:\\\/\\\/iran3037.cl\\\/web\\\/#organization\"}}]}\n\t\t<\/script>\n\t\t<!-- All in One SEO -->\n\n","aioseo_head_json":{"title":"D\u00eda Internacional de las V\u00edctimas de Desapariciones Forzadas: memoria y lucha en Chile -","description":"En 2026 se cumplen veinte a\u00f1os de la adopci\u00f3n de la Convenci\u00f3n Internacional para la Protecci\u00f3n de Todas las Personas contra las Desapariciones Forzadas, el \u00fanico tratado universal dedicado espec\u00edficamente a prevenir y erradicar esta pr\u00e1ctica. El 21 de diciembre de 2010, la Asamblea General de las Naciones Unidas manifest\u00f3 su preocupaci\u00f3n por el aumento","canonical_url":"https:\/\/iran3037.cl\/web\/dia-internacional-de-las-victimas-de-desapariciones-forzadas-memoria-y-lucha-en-chile\/","robots":"max-image-preview:large","keywords":"","webmasterTools":{"google-site-verification":"qEAyNUSNXyg8KiobUrbyIfaaaIY3P_e7e2X6JQgfe88","miscellaneous":""},"schema":{"@context":"https:\/\/schema.org","@graph":[{"@type":"BlogPosting","@id":"https:\/\/iran3037.cl\/web\/dia-internacional-de-las-victimas-de-desapariciones-forzadas-memoria-y-lucha-en-chile\/#blogposting","name":"D\u00eda Internacional de las V\u00edctimas de Desapariciones Forzadas: memoria y lucha en Chile -","headline":"D\u00eda Internacional de las V\u00edctimas de Desapariciones Forzadas: memoria y lucha en Chile","author":{"@id":"https:\/\/iran3037.cl\/web\/author\/zeta\/#author"},"publisher":{"@id":"https:\/\/iran3037.cl\/web\/#organization"},"image":{"@type":"ImageObject","url":"https:\/\/iran3037.cl\/web\/wp-content\/uploads\/2026\/08\/Copia-de-anja-25.png","width":1200,"height":800},"datePublished":"2026-08-30T15:37:59+00:00","dateModified":"2026-08-30T15:38:56+00:00","inLanguage":"es-ES","mainEntityOfPage":{"@id":"https:\/\/iran3037.cl\/web\/dia-internacional-de-las-victimas-de-desapariciones-forzadas-memoria-y-lucha-en-chile\/#webpage"},"isPartOf":{"@id":"https:\/\/iran3037.cl\/web\/dia-internacional-de-las-victimas-de-desapariciones-forzadas-memoria-y-lucha-en-chile\/#webpage"},"articleSection":"NOTICIAS"},{"@type":"BreadcrumbList","@id":"https:\/\/iran3037.cl\/web\/dia-internacional-de-las-victimas-de-desapariciones-forzadas-memoria-y-lucha-en-chile\/#breadcrumblist","itemListElement":[{"@type":"ListItem","@id":"https:\/\/iran3037.cl\/web#listItem","position":1,"name":"Hogar","item":"https:\/\/iran3037.cl\/web","nextItem":{"@type":"ListItem","@id":"https:\/\/iran3037.cl\/web\/category\/inicio\/#listItem","name":"INICIO"}},{"@type":"ListItem","@id":"https:\/\/iran3037.cl\/web\/category\/inicio\/#listItem","position":2,"name":"INICIO","item":"https:\/\/iran3037.cl\/web\/category\/inicio\/","nextItem":{"@type":"ListItem","@id":"https:\/\/iran3037.cl\/web\/category\/inicio\/sin-categoria\/#listItem","name":"NOTICIAS"},"previousItem":{"@type":"ListItem","@id":"https:\/\/iran3037.cl\/web#listItem","name":"Hogar"}},{"@type":"ListItem","@id":"https:\/\/iran3037.cl\/web\/category\/inicio\/sin-categoria\/#listItem","position":3,"name":"NOTICIAS","item":"https:\/\/iran3037.cl\/web\/category\/inicio\/sin-categoria\/","nextItem":{"@type":"ListItem","@id":"https:\/\/iran3037.cl\/web\/dia-internacional-de-las-victimas-de-desapariciones-forzadas-memoria-y-lucha-en-chile\/#listItem","name":"D\u00eda Internacional de las V\u00edctimas de Desapariciones Forzadas: memoria y lucha en Chile"},"previousItem":{"@type":"ListItem","@id":"https:\/\/iran3037.cl\/web\/category\/inicio\/#listItem","name":"INICIO"}},{"@type":"ListItem","@id":"https:\/\/iran3037.cl\/web\/dia-internacional-de-las-victimas-de-desapariciones-forzadas-memoria-y-lucha-en-chile\/#listItem","position":4,"name":"D\u00eda Internacional de las V\u00edctimas de Desapariciones Forzadas: memoria y lucha en Chile","previousItem":{"@type":"ListItem","@id":"https:\/\/iran3037.cl\/web\/category\/inicio\/sin-categoria\/#listItem","name":"NOTICIAS"}}]},{"@type":"Organization","@id":"https:\/\/iran3037.cl\/web\/#organization","name":"Asociaci\u00f3n de Memoria y Derechos Humanos Venda Sexy","description":"La Asociaci\u00f3n Venda Sexy, fundada en 2013, preserva la memoria de v\u00edctimas de represi\u00f3n estatal gestionando el ex centro de tortura \"Venda Sexy\" en Ir\u00e1n 3037, Santiago. Enfoca en derechos humanos, g\u00e9nero y justicia.","url":"https:\/\/iran3037.cl\/web\/","email":"sitiodememoriairan3037@gmail.com","logo":{"@type":"ImageObject","url":"https:\/\/iran3037.cl\/web\/wp-content\/uploads\/2013\/11\/logo_iran_fondo_blanco__1_-removebg-preview-300x225.png","@id":"https:\/\/iran3037.cl\/web\/dia-internacional-de-las-victimas-de-desapariciones-forzadas-memoria-y-lucha-en-chile\/#organizationLogo"},"image":{"@id":"https:\/\/iran3037.cl\/web\/dia-internacional-de-las-victimas-de-desapariciones-forzadas-memoria-y-lucha-en-chile\/#organizationLogo"},"sameAs":["https:\/\/www.instagram.com\/sitiodememoriairan3037\/"]},{"@type":"Person","@id":"https:\/\/iran3037.cl\/web\/author\/zeta\/#author","url":"https:\/\/iran3037.cl\/web\/author\/zeta\/","name":"Editor","image":{"@type":"ImageObject","@id":"https:\/\/iran3037.cl\/web\/dia-internacional-de-las-victimas-de-desapariciones-forzadas-memoria-y-lucha-en-chile\/#authorImage","url":"https:\/\/secure.gravatar.com\/avatar\/74271fcd0201e311909e9df88359fd9604a196ffca37b90cfc6ea05ebed6b6b7?s=96&d=mm&r=g","width":96,"height":96,"caption":"Editor"}},{"@type":"WebPage","@id":"https:\/\/iran3037.cl\/web\/dia-internacional-de-las-victimas-de-desapariciones-forzadas-memoria-y-lucha-en-chile\/#webpage","url":"https:\/\/iran3037.cl\/web\/dia-internacional-de-las-victimas-de-desapariciones-forzadas-memoria-y-lucha-en-chile\/","name":"D\u00eda Internacional de las V\u00edctimas de Desapariciones Forzadas: memoria y lucha en Chile -","description":"En 2026 se cumplen veinte a\u00f1os de la adopci\u00f3n de la Convenci\u00f3n Internacional para la Protecci\u00f3n de Todas las Personas contra las Desapariciones Forzadas, el \u00fanico tratado universal dedicado espec\u00edficamente a prevenir y erradicar esta pr\u00e1ctica. El 21 de diciembre de 2010, la Asamblea General de las Naciones Unidas manifest\u00f3 su preocupaci\u00f3n por el aumento","inLanguage":"es-ES","isPartOf":{"@id":"https:\/\/iran3037.cl\/web\/#website"},"breadcrumb":{"@id":"https:\/\/iran3037.cl\/web\/dia-internacional-de-las-victimas-de-desapariciones-forzadas-memoria-y-lucha-en-chile\/#breadcrumblist"},"author":{"@id":"https:\/\/iran3037.cl\/web\/author\/zeta\/#author"},"creator":{"@id":"https:\/\/iran3037.cl\/web\/author\/zeta\/#author"},"image":{"@type":"ImageObject","url":"https:\/\/iran3037.cl\/web\/wp-content\/uploads\/2026\/08\/Copia-de-anja-25.png","@id":"https:\/\/iran3037.cl\/web\/dia-internacional-de-las-victimas-de-desapariciones-forzadas-memoria-y-lucha-en-chile\/#mainImage","width":1200,"height":800},"primaryImageOfPage":{"@id":"https:\/\/iran3037.cl\/web\/dia-internacional-de-las-victimas-de-desapariciones-forzadas-memoria-y-lucha-en-chile\/#mainImage"},"datePublished":"2026-08-30T15:37:59+00:00","dateModified":"2026-08-30T15:38:56+00:00"},{"@type":"WebSite","@id":"https:\/\/iran3037.cl\/web\/#website","url":"https:\/\/iran3037.cl\/web\/","inLanguage":"es-ES","publisher":{"@id":"https:\/\/iran3037.cl\/web\/#organization"}}]},"og:locale":"es_ES","og:site_name":"-","og:type":"article","og:title":"D\u00eda Internacional de las V\u00edctimas de Desapariciones Forzadas: memoria y lucha en Chile -","og:description":"En 2026 se cumplen veinte a\u00f1os de la adopci\u00f3n de la Convenci\u00f3n Internacional para la Protecci\u00f3n de Todas las Personas contra las Desapariciones Forzadas, el \u00fanico tratado universal dedicado espec\u00edficamente a prevenir y erradicar esta pr\u00e1ctica. El 21 de diciembre de 2010, la Asamblea General de las Naciones Unidas manifest\u00f3 su preocupaci\u00f3n por el aumento","og:url":"https:\/\/iran3037.cl\/web\/dia-internacional-de-las-victimas-de-desapariciones-forzadas-memoria-y-lucha-en-chile\/","og:image":"https:\/\/iran3037.cl\/web\/wp-content\/uploads\/2026\/08\/Copia-de-anja-25.png","og:image:secure_url":"https:\/\/iran3037.cl\/web\/wp-content\/uploads\/2026\/08\/Copia-de-anja-25.png","og:image:width":"1200","og:image:height":"800","article:published_time":"2026-08-30T15:37:59+00:00","article:modified_time":"2026-08-30T15:38:56+00:00","twitter:card":"summary_large_image","twitter:title":"D\u00eda Internacional de las V\u00edctimas de Desapariciones Forzadas: memoria y lucha en Chile -","twitter:description":"En 2026 se cumplen veinte a\u00f1os de la adopci\u00f3n de la Convenci\u00f3n Internacional para la Protecci\u00f3n de Todas las Personas contra las Desapariciones Forzadas, el \u00fanico tratado universal dedicado espec\u00edficamente a prevenir y erradicar esta pr\u00e1ctica. El 21 de diciembre de 2010, la Asamblea General de las Naciones Unidas manifest\u00f3 su preocupaci\u00f3n por el aumento","twitter:image":"https:\/\/iran3037.cl\/web\/wp-content\/uploads\/2026\/08\/Copia-de-anja-25.png"},"aioseo_meta_data":{"post_id":"22049","title":null,"description":null,"keywords":null,"keyphrases":{"focus":{"keyphrase":"","score":0,"analysis":{"keyphraseInTitle":{"score":0,"maxScore":9,"error":1}}},"additional":[]},"primary_term":null,"canonical_url":null,"og_title":null,"og_description":null,"og_object_type":"default","og_image_type":"featured","og_image_url":"https:\/\/iran3037.cl\/web\/wp-content\/uploads\/2026\/08\/Copia-de-anja-25.png","og_image_width":"1200","og_image_height":"800","og_image_custom_url":null,"og_image_custom_fields":null,"og_video":"","og_custom_url":null,"og_article_section":null,"og_article_tags":null,"twitter_use_og":false,"twitter_card":"default","twitter_image_type":"featured","twitter_image_url":"https:\/\/iran3037.cl\/web\/wp-content\/uploads\/2026\/08\/Copia-de-anja-25.png","twitter_image_custom_url":null,"twitter_image_custom_fields":null,"twitter_title":null,"twitter_description":null,"schema":{"blockGraphs":[],"customGraphs":[],"default":{"data":{"Article":[],"Course":[],"Dataset":[],"FAQPage":[],"Movie":[],"Person":[],"Product":[],"ProductReview":[],"Car":[],"Recipe":[],"Service":[],"SoftwareApplication":[],"WebPage":[]},"graphName":"BlogPosting","isEnabled":true},"graphs":[]},"schema_type":"default","schema_type_options":null,"pillar_content":false,"robots_default":true,"robots_noindex":false,"robots_noarchive":false,"robots_nosnippet":false,"robots_nofollow":false,"robots_noimageindex":false,"robots_noodp":false,"robots_notranslate":false,"robots_max_snippet":"-1","robots_max_videopreview":"-1","robots_max_imagepreview":"large","priority":null,"frequency":"default","local_seo":null,"limit_modified_date":false,"created":"2026-08-30 15:38:02","updated":"2026-08-30 15:44:13","ai":{"faqs":[],"keyPoints":[],"schemas":[],"titles":[],"descriptions":[],"socialPosts":{"email":{"subject":"","preview":"","content":""},"linkedin":[],"twitter":[],"facebook":[],"instagram":[]}},"breadcrumb_settings":null,"seo_analyzer_scan_date":null,"focus_keyword":null,"additional_keywords":null,"truseo_locale":null},"aioseo_breadcrumb":"<div class=\"aioseo-breadcrumbs\"><span class=\"aioseo-breadcrumb\">\n\t\t\t<a href=\"https:\/\/iran3037.cl\/web\" title=\"Hogar\">Hogar<\/a>\n\t\t<\/span><span class=\"aioseo-breadcrumb-separator\">&raquo;<\/span><span class=\"aioseo-breadcrumb\">\n\t\t\t<a href=\"https:\/\/iran3037.cl\/web\/category\/inicio\/\" title=\"INICIO\">INICIO<\/a>\n\t\t<\/span><span class=\"aioseo-breadcrumb-separator\">&raquo;<\/span><span class=\"aioseo-breadcrumb\">\n\t\t\t<a href=\"https:\/\/iran3037.cl\/web\/category\/inicio\/sin-categoria\/\" title=\"NOTICIAS\">NOTICIAS<\/a>\n\t\t<\/span><span class=\"aioseo-breadcrumb-separator\">&raquo;<\/span><span class=\"aioseo-breadcrumb\">\n\t\t\tD\u00eda Internacional de las V\u00edctimas de Desapariciones Forzadas: memoria y lucha en Chile\n\t\t<\/span><\/div>","aioseo_breadcrumb_json":[{"label":"Hogar","link":"https:\/\/iran3037.cl\/web"},{"label":"INICIO","link":"https:\/\/iran3037.cl\/web\/category\/inicio\/"},{"label":"NOTICIAS","link":"https:\/\/iran3037.cl\/web\/category\/inicio\/sin-categoria\/"},{"label":"D\u00eda Internacional de las V\u00edctimas de Desapariciones Forzadas: memoria y lucha en Chile","link":"https:\/\/iran3037.cl\/web\/dia-internacional-de-las-victimas-de-desapariciones-forzadas-memoria-y-lucha-en-chile\/"}],"uagb_featured_image_src":{"full":["https:\/\/iran3037.cl\/web\/wp-content\/uploads\/2026\/08\/Copia-de-anja-25.png",1200,800,false],"thumbnail":["https:\/\/iran3037.cl\/web\/wp-content\/uploads\/2026\/08\/Copia-de-anja-25-150x150.png",150,150,true],"medium":["https:\/\/iran3037.cl\/web\/wp-content\/uploads\/2026\/08\/Copia-de-anja-25-300x200.png",300,200,true],"medium_large":["https:\/\/iran3037.cl\/web\/wp-content\/uploads\/2026\/08\/Copia-de-anja-25-768x512.png",640,427,true],"large":["https:\/\/iran3037.cl\/web\/wp-content\/uploads\/2026\/08\/Copia-de-anja-25-1024x683.png",640,427,true],"1536x1536":["https:\/\/iran3037.cl\/web\/wp-content\/uploads\/2026\/08\/Copia-de-anja-25.png",1200,800,false],"2048x2048":["https:\/\/iran3037.cl\/web\/wp-content\/uploads\/2026\/08\/Copia-de-anja-25.png",1200,800,false],"morenews-large":["https:\/\/iran3037.cl\/web\/wp-content\/uploads\/2026\/08\/Copia-de-anja-25-825x575.png",825,575,true],"morenews-medium":["https:\/\/iran3037.cl\/web\/wp-content\/uploads\/2026\/08\/Copia-de-anja-25-590x410.png",590,410,true]},"uagb_author_info":{"display_name":"Editor","author_link":"https:\/\/iran3037.cl\/web\/author\/zeta\/"},"uagb_comment_info":0,"uagb_excerpt":"En 2026 se cumplen veinte a\u00f1os de la adopci\u00f3n de la Convenci\u00f3n Internacional para la Protecci\u00f3n de Todas","_links":{"self":[{"href":"https:\/\/iran3037.cl\/web\/wp-json\/wp\/v2\/posts\/22049","targetHints":{"allow":["GET"]}}],"collection":[{"href":"https:\/\/iran3037.cl\/web\/wp-json\/wp\/v2\/posts"}],"about":[{"href":"https:\/\/iran3037.cl\/web\/wp-json\/wp\/v2\/types\/post"}],"author":[{"embeddable":true,"href":"https:\/\/iran3037.cl\/web\/wp-json\/wp\/v2\/users\/3"}],"replies":[{"embeddable":true,"href":"https:\/\/iran3037.cl\/web\/wp-json\/wp\/v2\/comments?post=22049"}],"version-history":[{"count":2,"href":"https:\/\/iran3037.cl\/web\/wp-json\/wp\/v2\/posts\/22049\/revisions"}],"predecessor-version":[{"id":22053,"href":"https:\/\/iran3037.cl\/web\/wp-json\/wp\/v2\/posts\/22049\/revisions\/22053"}],"wp:featuredmedia":[{"embeddable":true,"href":"https:\/\/iran3037.cl\/web\/wp-json\/wp\/v2\/media\/22050"}],"wp:attachment":[{"href":"https:\/\/iran3037.cl\/web\/wp-json\/wp\/v2\/media?parent=22049"}],"wp:term":[{"taxonomy":"category","embeddable":true,"href":"https:\/\/iran3037.cl\/web\/wp-json\/wp\/v2\/categories?post=22049"},{"taxonomy":"post_tag","embeddable":true,"href":"https:\/\/iran3037.cl\/web\/wp-json\/wp\/v2\/tags?post=22049"}],"curies":[{"name":"wp","href":"https:\/\/api.w.org\/{rel}","templated":true}]}}