{"id":22035,"date":"2026-08-29T18:38:27","date_gmt":"2026-08-29T18:38:27","guid":{"rendered":"https:\/\/iran3037.cl\/web\/?p=22035"},"modified":"2026-08-29T18:43:38","modified_gmt":"2026-08-29T18:43:38","slug":"dos-sitios-de-memoria-una-misma-lucha-iran-3037-y-memoria-borgono-firman-convenio-de-colaboracion","status":"publish","type":"post","link":"https:\/\/iran3037.cl\/web\/dos-sitios-de-memoria-una-misma-lucha-iran-3037-y-memoria-borgono-firman-convenio-de-colaboracion\/","title":{"rendered":"Dos sitios de memoria, una misma lucha: Ir\u00e1n 3037 y Memoria Borgo\u00f1o firman convenio de colaboraci\u00f3n"},"content":{"rendered":"\n<p class=\"wp-block-paragraph\">Este mi\u00e9rcoles 26 de agosto, en el Sitio de Memoria Ir\u00e1n 3037 (ex Venda Sexy), se concret\u00f3 la firma de un <strong>convenio de colaboraci\u00f3n entre la Corporaci\u00f3n Memoria Borgo\u00f1o y la Asociaci\u00f3n de Memoria y Derechos Humanos Venda Sexy<\/strong>.<\/p>\n\n\n\n<p class=\"wp-block-paragraph\">Este acuerdo representa un importante paso para fortalecer el trabajo conjunto y seguir construyendo, desde la memoria, la verdad y los Derechos Humanos, espacios de reflexi\u00f3n, participaci\u00f3n y acci\u00f3n colectiva.<\/p>\n\n\n\n<p class=\"wp-block-paragraph\">El convenio permitir\u00e1 impulsar <strong>acciones, actividades y proyectos conjuntos<\/strong> relacionados con la memoria y los Derechos Humanos, especialmente en \u00e1mbitos como:<\/p>\n\n\n\n<p class=\"wp-block-paragraph\">\u2022 <strong>Educaci\u00f3n y cultura.<\/strong><br>\u2022 <strong>Trabajo comunitario y participaci\u00f3n.<\/strong><br>\u2022 <strong>Investigaci\u00f3n y documentaci\u00f3n.<\/strong><br>\u2022 <strong>Conservaci\u00f3n y puesta en valor de archivos.<\/strong><br>\u2022 <strong>Difusi\u00f3n y transmisi\u00f3n de la historia de ambos sitios de memoria.<\/strong><\/p>\n\n\n\n<p class=\"wp-block-paragraph\">La firma estuvo a cargo de <strong>Alejandra Holzapfel<\/strong>, presidenta de la Asociaci\u00f3n de Memoria y Derechos Humanos Venda Sexy, y <strong>Higinio Espergue<\/strong>, presidente de la Corporaci\u00f3n Memoria Borgo\u00f1o.<\/p>\n\n\n\n<p class=\"wp-block-paragraph\">Dos espacios con historias profundamente vinculadas a la memoria y a la defensa de los Derechos Humanos que hoy deciden caminar juntos, compartiendo experiencias, conocimientos y esfuerzos para fortalecer este trabajo.<\/p>\n\n\n\n<p class=\"wp-block-paragraph\">Porque la memoria se construye colectivamente y se defiende con compromiso.<\/p>\n\n\n\n<p class=\"wp-block-paragraph\"><strong>De la mano y sin transar, seguimos avanzando por la verdad, la justicia y la memoria.<\/strong><\/p>\n\n\n\n<p class=\"wp-block-paragraph\"><\/p>\n\n\n\n<figure class=\"wp-block-embed is-type-video is-provider-youtube wp-block-embed-youtube wp-embed-aspect-9-16 wp-has-aspect-ratio\"><div class=\"wp-block-embed__wrapper\">\n<iframe loading=\"lazy\" title=\"Dos sitios de memoria, una misma lucha: Ir\u00e1n 3037 y Memoria Borgo\u00f1o firman convenio de colaboraci\u00f3n\" width=\"540\" height=\"960\" src=\"https:\/\/www.youtube.com\/embed\/Cj-yHSmdgm0?feature=oembed\" frameborder=\"0\" allow=\"accelerometer; autoplay; clipboard-write; encrypted-media; gyroscope; picture-in-picture; web-share\" referrerpolicy=\"strict-origin-when-cross-origin\" allowfullscreen><\/iframe>\n<\/div><\/figure>\n\n\n\n<p class=\"wp-block-paragraph\"><\/p>\n\n\n\t\t\t\t\t<div\n\t\t\t\t\t\tclass=\"wp-block-uagb-image-gallery uagb-block-9a4f0b5d     \"\n\t\t\t\t\t\tstyle=\"\"\n\t\t\t\t\t>\n\t\t\t\t\t\t\t\t\t\t\t<div class=\"spectra-image-gallery spectra-image-gallery__layout--grid spectra-image-gallery__layout--grid-col-1 spectra-image-gallery__layout--grid-col-tab-3 spectra-image-gallery__layout--grid-col-mob-2\">\n\t\t\t\t\t\t\t\t\t\t\t<div class=\"spectra-image-gallery__media-wrapper\" data-spectra-gallery-image-id=\"22032\" tabindex=\"0\">\n\t\t\t\t\t\t\t<div class=\"spectra-image-gallery__media spectra-image-gallery__media--grid\">\n\t\t\t\t<picture>\n\t\t\t\t\t<source media=\"(min-width: 1024px)\" srcset=\"https:\/\/iran3037.cl\/web\/wp-content\/uploads\/2026\/08\/7-1024x1024.png\">\n\t\t\t\t\t<source media=\"(min-width: 768px)\" srcset=\"https:\/\/iran3037.cl\/web\/wp-content\/uploads\/2026\/08\/7-1024x1024.png\">\n\t\t\t\t\t<img decoding=\"async\" class=\"spectra-image-gallery__media-thumbnail spectra-image-gallery__media-thumbnail--grid\" src=\"https:\/\/iran3037.cl\/web\/wp-content\/uploads\/2026\/08\/7-300x300.png\" alt=\"\" loading=\"lazy\" \/>\n\t\t\t\t<\/picture>\n\t\t\t\t<div class=\"spectra-image-gallery__media-thumbnail-blurrer\"><\/div>\n\t\t\t\t\t\t\t\t\t\t\t<div class=\"spectra-image-gallery__media-thumbnail-caption-wrapper spectra-image-gallery__media-thumbnail-caption-wrapper--overlay\">\n\t\t\t\t\t\t\t\t\t\t\t<div class=\"spectra-image-gallery__media-thumbnail-caption spectra-image-gallery__media-thumbnail-caption--overlay\">\n\t\t\t\t\tSin leyenda\t\t\t\t<\/div>\n\t\t\t\t\t\t\t\t\t\t<\/div>\n\t\t\t\t\t\t\t\t\t<\/div>\n\t\t\t\t\t\t<\/div>\n\t\t\t\t\t\t<div class=\"spectra-image-gallery__media-wrapper\" data-spectra-gallery-image-id=\"22031\" tabindex=\"0\">\n\t\t\t\t\t\t\t<div class=\"spectra-image-gallery__media spectra-image-gallery__media--grid\">\n\t\t\t\t<picture>\n\t\t\t\t\t<source media=\"(min-width: 1024px)\" srcset=\"https:\/\/iran3037.cl\/web\/wp-content\/uploads\/2026\/08\/6-1024x1024.png\">\n\t\t\t\t\t<source media=\"(min-width: 768px)\" srcset=\"https:\/\/iran3037.cl\/web\/wp-content\/uploads\/2026\/08\/6-1024x1024.png\">\n\t\t\t\t\t<img decoding=\"async\" class=\"spectra-image-gallery__media-thumbnail spectra-image-gallery__media-thumbnail--grid\" src=\"https:\/\/iran3037.cl\/web\/wp-content\/uploads\/2026\/08\/6-300x300.png\" alt=\"\" loading=\"lazy\" \/>\n\t\t\t\t<\/picture>\n\t\t\t\t<div class=\"spectra-image-gallery__media-thumbnail-blurrer\"><\/div>\n\t\t\t\t\t\t\t\t\t\t\t<div class=\"spectra-image-gallery__media-thumbnail-caption-wrapper spectra-image-gallery__media-thumbnail-caption-wrapper--overlay\">\n\t\t\t\t\t\t\t\t\t\t\t<div class=\"spectra-image-gallery__media-thumbnail-caption spectra-image-gallery__media-thumbnail-caption--overlay\">\n\t\t\t\t\tSin leyenda\t\t\t\t<\/div>\n\t\t\t\t\t\t\t\t\t\t<\/div>\n\t\t\t\t\t\t\t\t\t<\/div>\n\t\t\t\t\t\t<\/div>\n\t\t\t\t\t\t<div class=\"spectra-image-gallery__media-wrapper\" data-spectra-gallery-image-id=\"22030\" tabindex=\"0\">\n\t\t\t\t\t\t\t<div class=\"spectra-image-gallery__media spectra-image-gallery__media--grid\">\n\t\t\t\t<picture>\n\t\t\t\t\t<source media=\"(min-width: 1024px)\" srcset=\"https:\/\/iran3037.cl\/web\/wp-content\/uploads\/2026\/08\/5-1024x1024.png\">\n\t\t\t\t\t<source media=\"(min-width: 768px)\" srcset=\"https:\/\/iran3037.cl\/web\/wp-content\/uploads\/2026\/08\/5-1024x1024.png\">\n\t\t\t\t\t<img decoding=\"async\" class=\"spectra-image-gallery__media-thumbnail spectra-image-gallery__media-thumbnail--grid\" src=\"https:\/\/iran3037.cl\/web\/wp-content\/uploads\/2026\/08\/5-300x300.png\" alt=\"\" loading=\"lazy\" \/>\n\t\t\t\t<\/picture>\n\t\t\t\t<div class=\"spectra-image-gallery__media-thumbnail-blurrer\"><\/div>\n\t\t\t\t\t\t\t\t\t\t\t<div class=\"spectra-image-gallery__media-thumbnail-caption-wrapper spectra-image-gallery__media-thumbnail-caption-wrapper--overlay\">\n\t\t\t\t\t\t\t\t\t\t\t<div class=\"spectra-image-gallery__media-thumbnail-caption spectra-image-gallery__media-thumbnail-caption--overlay\">\n\t\t\t\t\tSin leyenda\t\t\t\t<\/div>\n\t\t\t\t\t\t\t\t\t\t<\/div>\n\t\t\t\t\t\t\t\t\t<\/div>\n\t\t\t\t\t\t<\/div>\n\t\t\t\t\t\t<div class=\"spectra-image-gallery__media-wrapper\" data-spectra-gallery-image-id=\"22029\" tabindex=\"0\">\n\t\t\t\t\t\t\t<div class=\"spectra-image-gallery__media spectra-image-gallery__media--grid\">\n\t\t\t\t<picture>\n\t\t\t\t\t<source media=\"(min-width: 1024px)\" srcset=\"https:\/\/iran3037.cl\/web\/wp-content\/uploads\/2026\/08\/4-1024x1024.png\">\n\t\t\t\t\t<source media=\"(min-width: 768px)\" srcset=\"https:\/\/iran3037.cl\/web\/wp-content\/uploads\/2026\/08\/4-1024x1024.png\">\n\t\t\t\t\t<img decoding=\"async\" class=\"spectra-image-gallery__media-thumbnail spectra-image-gallery__media-thumbnail--grid\" src=\"https:\/\/iran3037.cl\/web\/wp-content\/uploads\/2026\/08\/4-300x300.png\" alt=\"\" loading=\"lazy\" \/>\n\t\t\t\t<\/picture>\n\t\t\t\t<div class=\"spectra-image-gallery__media-thumbnail-blurrer\"><\/div>\n\t\t\t\t\t\t\t\t\t\t\t<div class=\"spectra-image-gallery__media-thumbnail-caption-wrapper spectra-image-gallery__media-thumbnail-caption-wrapper--overlay\">\n\t\t\t\t\t\t\t\t\t\t\t<div class=\"spectra-image-gallery__media-thumbnail-caption spectra-image-gallery__media-thumbnail-caption--overlay\">\n\t\t\t\t\tSin leyenda\t\t\t\t<\/div>\n\t\t\t\t\t\t\t\t\t\t<\/div>\n\t\t\t\t\t\t\t\t\t<\/div>\n\t\t\t\t\t\t<\/div>\n\t\t\t\t\t\t<div class=\"spectra-image-gallery__media-wrapper\" data-spectra-gallery-image-id=\"22028\" tabindex=\"0\">\n\t\t\t\t\t\t\t<div class=\"spectra-image-gallery__media spectra-image-gallery__media--grid\">\n\t\t\t\t<picture>\n\t\t\t\t\t<source media=\"(min-width: 1024px)\" srcset=\"https:\/\/iran3037.cl\/web\/wp-content\/uploads\/2026\/08\/3-1024x1024.png\">\n\t\t\t\t\t<source media=\"(min-width: 768px)\" srcset=\"https:\/\/iran3037.cl\/web\/wp-content\/uploads\/2026\/08\/3-1024x1024.png\">\n\t\t\t\t\t<img decoding=\"async\" class=\"spectra-image-gallery__media-thumbnail spectra-image-gallery__media-thumbnail--grid\" src=\"https:\/\/iran3037.cl\/web\/wp-content\/uploads\/2026\/08\/3-300x300.png\" alt=\"\" loading=\"lazy\" \/>\n\t\t\t\t<\/picture>\n\t\t\t\t<div class=\"spectra-image-gallery__media-thumbnail-blurrer\"><\/div>\n\t\t\t\t\t\t\t\t\t\t\t<div class=\"spectra-image-gallery__media-thumbnail-caption-wrapper spectra-image-gallery__media-thumbnail-caption-wrapper--overlay\">\n\t\t\t\t\t\t\t\t\t\t\t<div class=\"spectra-image-gallery__media-thumbnail-caption spectra-image-gallery__media-thumbnail-caption--overlay\">\n\t\t\t\t\tSin leyenda\t\t\t\t<\/div>\n\t\t\t\t\t\t\t\t\t\t<\/div>\n\t\t\t\t\t\t\t\t\t<\/div>\n\t\t\t\t\t\t<\/div>\n\t\t\t\t\t\t<div class=\"spectra-image-gallery__media-wrapper\" data-spectra-gallery-image-id=\"22027\" tabindex=\"0\">\n\t\t\t\t\t\t\t<div class=\"spectra-image-gallery__media spectra-image-gallery__media--grid\">\n\t\t\t\t<picture>\n\t\t\t\t\t<source media=\"(min-width: 1024px)\" srcset=\"https:\/\/iran3037.cl\/web\/wp-content\/uploads\/2026\/08\/2-1024x1024.png\">\n\t\t\t\t\t<source media=\"(min-width: 768px)\" srcset=\"https:\/\/iran3037.cl\/web\/wp-content\/uploads\/2026\/08\/2-1024x1024.png\">\n\t\t\t\t\t<img decoding=\"async\" class=\"spectra-image-gallery__media-thumbnail spectra-image-gallery__media-thumbnail--grid\" src=\"https:\/\/iran3037.cl\/web\/wp-content\/uploads\/2026\/08\/2-300x300.png\" alt=\"\" loading=\"lazy\" \/>\n\t\t\t\t<\/picture>\n\t\t\t\t<div class=\"spectra-image-gallery__media-thumbnail-blurrer\"><\/div>\n\t\t\t\t\t\t\t\t\t\t\t<div class=\"spectra-image-gallery__media-thumbnail-caption-wrapper spectra-image-gallery__media-thumbnail-caption-wrapper--overlay\">\n\t\t\t\t\t\t\t\t\t\t\t<div class=\"spectra-image-gallery__media-thumbnail-caption spectra-image-gallery__media-thumbnail-caption--overlay\">\n\t\t\t\t\tSin leyenda\t\t\t\t<\/div>\n\t\t\t\t\t\t\t\t\t\t<\/div>\n\t\t\t\t\t\t\t\t\t<\/div>\n\t\t\t\t\t\t<\/div>\n\t\t\t\t\t\t<div class=\"spectra-image-gallery__media-wrapper\" data-spectra-gallery-image-id=\"22026\" tabindex=\"0\">\n\t\t\t\t\t\t\t<div class=\"spectra-image-gallery__media spectra-image-gallery__media--grid\">\n\t\t\t\t<picture>\n\t\t\t\t\t<source media=\"(min-width: 1024px)\" srcset=\"https:\/\/iran3037.cl\/web\/wp-content\/uploads\/2026\/08\/1-1024x1024.png\">\n\t\t\t\t\t<source media=\"(min-width: 768px)\" srcset=\"https:\/\/iran3037.cl\/web\/wp-content\/uploads\/2026\/08\/1-1024x1024.png\">\n\t\t\t\t\t<img decoding=\"async\" class=\"spectra-image-gallery__media-thumbnail spectra-image-gallery__media-thumbnail--grid\" src=\"https:\/\/iran3037.cl\/web\/wp-content\/uploads\/2026\/08\/1-300x300.png\" alt=\"\" loading=\"lazy\" \/>\n\t\t\t\t<\/picture>\n\t\t\t\t<div class=\"spectra-image-gallery__media-thumbnail-blurrer\"><\/div>\n\t\t\t\t\t\t\t\t\t\t\t<div class=\"spectra-image-gallery__media-thumbnail-caption-wrapper spectra-image-gallery__media-thumbnail-caption-wrapper--overlay\">\n\t\t\t\t\t\t\t\t\t\t\t<div class=\"spectra-image-gallery__media-thumbnail-caption spectra-image-gallery__media-thumbnail-caption--overlay\">\n\t\t\t\t\tSin leyenda\t\t\t\t<\/div>\n\t\t\t\t\t\t\t\t\t\t<\/div>\n\t\t\t\t\t\t\t\t\t<\/div>\n\t\t\t\t\t\t<\/div>\n\t\t\t\t\t\t\t\t\t\t<\/div>\n\t\t\t\t\t\t\t\t\t\t\t\t\t\t\t\t\t\t<\/div>\n\t\t\t\t\t\t\t\t\t\t\t<div class='spectra-image-gallery__control-lightbox' tabindex='0'>\n\t\t\t\t\t\t\t\t\t\t\t<div class=\"swiper spectra-image-gallery__control-lightbox--main\" dir=\"\">\n\t\t\t\t\t<div class=\"swiper-wrapper\">\n\t\t\t\t\t\t\t\t\t\t\t\t\t\n\t\t\t\t\t\t\t<div class=\"swiper-slide\">\n\t\t\t\t\t\t\t\t<img class=\"swiper-lazy\" data-src=\"https:\/\/iran3037.cl\/web\/wp-content\/uploads\/2026\/08\/7.png\" alt=\"\"\/>\n\t\t\t\t\t\t\t\t<div class=\"swiper-lazy-preloader swiper-lazy-preloader-white\"><\/div>\n\t\t\t\t\t\t\t\t\t\t\t\t\t\t\t<\/div>\n\t\t\t\t\t\t\t\t\t\t\t\t\t\n\t\t\t\t\t\t\t<div class=\"swiper-slide\">\n\t\t\t\t\t\t\t\t<img class=\"swiper-lazy\" data-src=\"https:\/\/iran3037.cl\/web\/wp-content\/uploads\/2026\/08\/6.png\" alt=\"\"\/>\n\t\t\t\t\t\t\t\t<div class=\"swiper-lazy-preloader swiper-lazy-preloader-white\"><\/div>\n\t\t\t\t\t\t\t\t\t\t\t\t\t\t\t<\/div>\n\t\t\t\t\t\t\t\t\t\t\t\t\t\n\t\t\t\t\t\t\t<div class=\"swiper-slide\">\n\t\t\t\t\t\t\t\t<img class=\"swiper-lazy\" data-src=\"https:\/\/iran3037.cl\/web\/wp-content\/uploads\/2026\/08\/5.png\" alt=\"\"\/>\n\t\t\t\t\t\t\t\t<div class=\"swiper-lazy-preloader swiper-lazy-preloader-white\"><\/div>\n\t\t\t\t\t\t\t\t\t\t\t\t\t\t\t<\/div>\n\t\t\t\t\t\t\t\t\t\t\t\t\t\n\t\t\t\t\t\t\t<div class=\"swiper-slide\">\n\t\t\t\t\t\t\t\t<img class=\"swiper-lazy\" data-src=\"https:\/\/iran3037.cl\/web\/wp-content\/uploads\/2026\/08\/4.png\" alt=\"\"\/>\n\t\t\t\t\t\t\t\t<div class=\"swiper-lazy-preloader swiper-lazy-preloader-white\"><\/div>\n\t\t\t\t\t\t\t\t\t\t\t\t\t\t\t<\/div>\n\t\t\t\t\t\t\t\t\t\t\t\t\t\n\t\t\t\t\t\t\t<div class=\"swiper-slide\">\n\t\t\t\t\t\t\t\t<img class=\"swiper-lazy\" data-src=\"https:\/\/iran3037.cl\/web\/wp-content\/uploads\/2026\/08\/3.png\" alt=\"\"\/>\n\t\t\t\t\t\t\t\t<div class=\"swiper-lazy-preloader swiper-lazy-preloader-white\"><\/div>\n\t\t\t\t\t\t\t\t\t\t\t\t\t\t\t<\/div>\n\t\t\t\t\t\t\t\t\t\t\t\t\t\n\t\t\t\t\t\t\t<div class=\"swiper-slide\">\n\t\t\t\t\t\t\t\t<img class=\"swiper-lazy\" data-src=\"https:\/\/iran3037.cl\/web\/wp-content\/uploads\/2026\/08\/2.png\" alt=\"\"\/>\n\t\t\t\t\t\t\t\t<div class=\"swiper-lazy-preloader swiper-lazy-preloader-white\"><\/div>\n\t\t\t\t\t\t\t\t\t\t\t\t\t\t\t<\/div>\n\t\t\t\t\t\t\t\t\t\t\t\t\t\n\t\t\t\t\t\t\t<div class=\"swiper-slide\">\n\t\t\t\t\t\t\t\t<img class=\"swiper-lazy\" data-src=\"https:\/\/iran3037.cl\/web\/wp-content\/uploads\/2026\/08\/1.png\" alt=\"\"\/>\n\t\t\t\t\t\t\t\t<div class=\"swiper-lazy-preloader swiper-lazy-preloader-white\"><\/div>\n\t\t\t\t\t\t\t\t\t\t\t\t\t\t\t<\/div>\n\t\t\t\t\t\t\t\t\t\t\t<\/div>\n\t\t\t\t\t<div class=\"swiper-button-next\"><\/div>\n\t\t\t\t\t<div class=\"swiper-button-prev\"><\/div>\n\t\t\t\t<\/div>\t\t\t\n\t\t\t\t\t\t\t\t\t\t\t\t\t\t\t\t\t\t\t\t\t\t\t\t\t\t\t\t\t\t\t\t<button class='spectra-image-gallery__control-lightbox--close' aria-label=\"Close\">\n\t\t\t\t\t\t\t\t\t\t\t\t\t<svg xmlns=\"https:\/\/www.w3.org\/2000\/svg\" viewBox= \"0 0 320 512\"><path d=\"M310.6 361.4c12.5 12.5 12.5 32.75 0 45.25C304.4 412.9 296.2 416 288 416s-16.38-3.125-22.62-9.375L160 301.3L54.63 406.6C48.38 412.9 40.19 416 32 416S15.63 412.9 9.375 406.6c-12.5-12.5-12.5-32.75 0-45.25l105.4-105.4L9.375 150.6c-12.5-12.5-12.5-32.75 0-45.25s32.75-12.5 45.25 0L160 210.8l105.4-105.4c12.5-12.5 32.75-12.5 45.25 0s12.5 32.75 0 45.25l-105.4 105.4L310.6 361.4z\"><\/path><\/svg>\n\t\t\t\t\t\t\t\t\t\t\t\t<\/button>\n\t\t\t\t\t\t\t\t\t\t\t\t\t<\/div>\n\t\t\t\t\t\t\t\t\t","protected":false},"excerpt":{"rendered":"<p>Este mi\u00e9rcoles 26 de agosto, en el Sitio de Memoria Ir\u00e1n 3037 (ex Venda Sexy), se concret\u00f3 la<\/p>\n","protected":false},"author":3,"featured_media":22033,"comment_status":"closed","ping_status":"closed","sticky":false,"template":"","format":"standard","meta":{"om_disable_all_campaigns":false,"_eb_attr":"","_uag_custom_page_level_css":"","_monsterinsights_skip_tracking":false,"iawp_total_views":22,"footnotes":""},"categories":[1],"tags":[],"class_list":["post-22035","post","type-post","status-publish","format-standard","has-post-thumbnail","hentry","category-sin-categoria"],"aioseo_notices":[],"aioseo_head":"\n\t\t<!-- All in One SEO 5.0.1.1 - aioseo.com -->\n\t<meta name=\"description\" content=\"Este mi\u00e9rcoles 26 de agosto, en el Sitio de Memoria Ir\u00e1n 3037 (ex Venda Sexy), se concret\u00f3 la firma de un convenio de colaboraci\u00f3n entre la Corporaci\u00f3n Memoria Borgo\u00f1o y la Asociaci\u00f3n de Memoria y Derechos Humanos Venda Sexy. Este acuerdo representa un importante paso para fortalecer el trabajo conjunto y seguir construyendo, desde la\" \/>\n\t<meta name=\"robots\" content=\"max-image-preview:large\" \/>\n\t<meta name=\"author\" content=\"Editor\"\/>\n\t<meta name=\"google-site-verification\" content=\"qEAyNUSNXyg8KiobUrbyIfaaaIY3P_e7e2X6JQgfe88\" \/>\n\t<link rel=\"canonical\" href=\"https:\/\/iran3037.cl\/web\/dos-sitios-de-memoria-una-misma-lucha-iran-3037-y-memoria-borgono-firman-convenio-de-colaboracion\/\" \/>\n\t<meta name=\"generator\" content=\"All in One SEO (AIOSEO) 5.0.1.1\" \/>\n\t\t<meta property=\"og:locale\" content=\"es_ES\" \/>\n\t\t<meta property=\"og:site_name\" content=\"-\" \/>\n\t\t<meta property=\"og:type\" content=\"article\" \/>\n\t\t<meta property=\"og:title\" content=\"Dos sitios de memoria, una misma lucha: Ir\u00e1n 3037 y Memoria Borgo\u00f1o firman convenio de colaboraci\u00f3n -\" \/>\n\t\t<meta property=\"og:description\" content=\"Este mi\u00e9rcoles 26 de agosto, en el Sitio de Memoria Ir\u00e1n 3037 (ex Venda Sexy), se concret\u00f3 la firma de un convenio de colaboraci\u00f3n entre la Corporaci\u00f3n Memoria Borgo\u00f1o y la Asociaci\u00f3n de Memoria y Derechos Humanos Venda Sexy. Este acuerdo representa un importante paso para fortalecer el trabajo conjunto y seguir construyendo, desde la\" \/>\n\t\t<meta property=\"og:url\" content=\"https:\/\/iran3037.cl\/web\/dos-sitios-de-memoria-una-misma-lucha-iran-3037-y-memoria-borgono-firman-convenio-de-colaboracion\/\" \/>\n\t\t<meta property=\"og:image\" content=\"https:\/\/iran3037.cl\/web\/wp-content\/uploads\/2026\/08\/Copia-de-anja-23.png\" \/>\n\t\t<meta property=\"og:image:secure_url\" content=\"https:\/\/iran3037.cl\/web\/wp-content\/uploads\/2026\/08\/Copia-de-anja-23.png\" \/>\n\t\t<meta property=\"og:image:width\" content=\"1200\" \/>\n\t\t<meta property=\"og:image:height\" content=\"800\" \/>\n\t\t<meta property=\"article:published_time\" content=\"2026-08-29T18:38:27+00:00\" \/>\n\t\t<meta property=\"article:modified_time\" content=\"2026-08-29T18:43:38+00:00\" \/>\n\t\t<meta name=\"twitter:card\" content=\"summary_large_image\" \/>\n\t\t<meta name=\"twitter:title\" content=\"Dos sitios de memoria, una misma lucha: Ir\u00e1n 3037 y Memoria Borgo\u00f1o firman convenio de colaboraci\u00f3n -\" \/>\n\t\t<meta name=\"twitter:description\" content=\"Este mi\u00e9rcoles 26 de agosto, en el Sitio de Memoria Ir\u00e1n 3037 (ex Venda Sexy), se concret\u00f3 la firma de un convenio de colaboraci\u00f3n entre la Corporaci\u00f3n Memoria Borgo\u00f1o y la Asociaci\u00f3n de Memoria y Derechos Humanos Venda Sexy. Este acuerdo representa un importante paso para fortalecer el trabajo conjunto y seguir construyendo, desde la\" \/>\n\t\t<meta name=\"twitter:image\" content=\"https:\/\/iran3037.cl\/web\/wp-content\/uploads\/2026\/08\/Copia-de-anja-23.png\" \/>\n\t\t<script type=\"application\/ld+json\" class=\"aioseo-schema\">\n\t\t\t{\"@context\":\"https:\\\/\\\/schema.org\",\"@graph\":[{\"@type\":\"BlogPosting\",\"@id\":\"https:\\\/\\\/iran3037.cl\\\/web\\\/dos-sitios-de-memoria-una-misma-lucha-iran-3037-y-memoria-borgono-firman-convenio-de-colaboracion\\\/#blogposting\",\"name\":\"Dos sitios de memoria, una misma lucha: Ir\\u00e1n 3037 y Memoria Borgo\\u00f1o firman convenio de colaboraci\\u00f3n -\",\"headline\":\"Dos sitios de memoria, una misma lucha: Ir\\u00e1n 3037 y Memoria Borgo\\u00f1o firman convenio de colaboraci\\u00f3n\",\"author\":{\"@id\":\"https:\\\/\\\/iran3037.cl\\\/web\\\/author\\\/zeta\\\/#author\"},\"publisher\":{\"@id\":\"https:\\\/\\\/iran3037.cl\\\/web\\\/#organization\"},\"image\":{\"@type\":\"ImageObject\",\"url\":\"https:\\\/\\\/iran3037.cl\\\/web\\\/wp-content\\\/uploads\\\/2026\\\/08\\\/Copia-de-anja-23.png\",\"width\":1200,\"height\":800},\"datePublished\":\"2026-08-29T18:38:27+00:00\",\"dateModified\":\"2026-08-29T18:43:38+00:00\",\"inLanguage\":\"es-ES\",\"mainEntityOfPage\":{\"@id\":\"https:\\\/\\\/iran3037.cl\\\/web\\\/dos-sitios-de-memoria-una-misma-lucha-iran-3037-y-memoria-borgono-firman-convenio-de-colaboracion\\\/#webpage\"},\"isPartOf\":{\"@id\":\"https:\\\/\\\/iran3037.cl\\\/web\\\/dos-sitios-de-memoria-una-misma-lucha-iran-3037-y-memoria-borgono-firman-convenio-de-colaboracion\\\/#webpage\"},\"articleSection\":\"NOTICIAS\"},{\"@type\":\"BreadcrumbList\",\"@id\":\"https:\\\/\\\/iran3037.cl\\\/web\\\/dos-sitios-de-memoria-una-misma-lucha-iran-3037-y-memoria-borgono-firman-convenio-de-colaboracion\\\/#breadcrumblist\",\"itemListElement\":[{\"@type\":\"ListItem\",\"@id\":\"https:\\\/\\\/iran3037.cl\\\/web#listItem\",\"position\":1,\"name\":\"Hogar\",\"item\":\"https:\\\/\\\/iran3037.cl\\\/web\",\"nextItem\":{\"@type\":\"ListItem\",\"@id\":\"https:\\\/\\\/iran3037.cl\\\/web\\\/category\\\/inicio\\\/#listItem\",\"name\":\"INICIO\"}},{\"@type\":\"ListItem\",\"@id\":\"https:\\\/\\\/iran3037.cl\\\/web\\\/category\\\/inicio\\\/#listItem\",\"position\":2,\"name\":\"INICIO\",\"item\":\"https:\\\/\\\/iran3037.cl\\\/web\\\/category\\\/inicio\\\/\",\"nextItem\":{\"@type\":\"ListItem\",\"@id\":\"https:\\\/\\\/iran3037.cl\\\/web\\\/category\\\/inicio\\\/sin-categoria\\\/#listItem\",\"name\":\"NOTICIAS\"},\"previousItem\":{\"@type\":\"ListItem\",\"@id\":\"https:\\\/\\\/iran3037.cl\\\/web#listItem\",\"name\":\"Hogar\"}},{\"@type\":\"ListItem\",\"@id\":\"https:\\\/\\\/iran3037.cl\\\/web\\\/category\\\/inicio\\\/sin-categoria\\\/#listItem\",\"position\":3,\"name\":\"NOTICIAS\",\"item\":\"https:\\\/\\\/iran3037.cl\\\/web\\\/category\\\/inicio\\\/sin-categoria\\\/\",\"nextItem\":{\"@type\":\"ListItem\",\"@id\":\"https:\\\/\\\/iran3037.cl\\\/web\\\/dos-sitios-de-memoria-una-misma-lucha-iran-3037-y-memoria-borgono-firman-convenio-de-colaboracion\\\/#listItem\",\"name\":\"Dos sitios de memoria, una misma lucha: Ir\\u00e1n 3037 y Memoria Borgo\\u00f1o firman convenio de colaboraci\\u00f3n\"},\"previousItem\":{\"@type\":\"ListItem\",\"@id\":\"https:\\\/\\\/iran3037.cl\\\/web\\\/category\\\/inicio\\\/#listItem\",\"name\":\"INICIO\"}},{\"@type\":\"ListItem\",\"@id\":\"https:\\\/\\\/iran3037.cl\\\/web\\\/dos-sitios-de-memoria-una-misma-lucha-iran-3037-y-memoria-borgono-firman-convenio-de-colaboracion\\\/#listItem\",\"position\":4,\"name\":\"Dos sitios de memoria, una misma lucha: Ir\\u00e1n 3037 y Memoria Borgo\\u00f1o firman convenio de colaboraci\\u00f3n\",\"previousItem\":{\"@type\":\"ListItem\",\"@id\":\"https:\\\/\\\/iran3037.cl\\\/web\\\/category\\\/inicio\\\/sin-categoria\\\/#listItem\",\"name\":\"NOTICIAS\"}}]},{\"@type\":\"Organization\",\"@id\":\"https:\\\/\\\/iran3037.cl\\\/web\\\/#organization\",\"name\":\"Asociaci\\u00f3n de Memoria y Derechos Humanos Venda Sexy\",\"description\":\"La Asociaci\\u00f3n Venda Sexy, fundada en 2013, preserva la memoria de v\\u00edctimas de represi\\u00f3n estatal gestionando el ex centro de tortura \\\"Venda Sexy\\\" en Ir\\u00e1n 3037, Santiago. Enfoca en derechos humanos, g\\u00e9nero y justicia.\",\"url\":\"https:\\\/\\\/iran3037.cl\\\/web\\\/\",\"email\":\"sitiodememoriairan3037@gmail.com\",\"logo\":{\"@type\":\"ImageObject\",\"url\":\"https:\\\/\\\/iran3037.cl\\\/web\\\/wp-content\\\/uploads\\\/2013\\\/11\\\/logo_iran_fondo_blanco__1_-removebg-preview-300x225.png\",\"@id\":\"https:\\\/\\\/iran3037.cl\\\/web\\\/dos-sitios-de-memoria-una-misma-lucha-iran-3037-y-memoria-borgono-firman-convenio-de-colaboracion\\\/#organizationLogo\"},\"image\":{\"@id\":\"https:\\\/\\\/iran3037.cl\\\/web\\\/dos-sitios-de-memoria-una-misma-lucha-iran-3037-y-memoria-borgono-firman-convenio-de-colaboracion\\\/#organizationLogo\"},\"sameAs\":[\"https:\\\/\\\/www.instagram.com\\\/sitiodememoriairan3037\\\/\"]},{\"@type\":\"Person\",\"@id\":\"https:\\\/\\\/iran3037.cl\\\/web\\\/author\\\/zeta\\\/#author\",\"url\":\"https:\\\/\\\/iran3037.cl\\\/web\\\/author\\\/zeta\\\/\",\"name\":\"Editor\",\"image\":{\"@type\":\"ImageObject\",\"@id\":\"https:\\\/\\\/iran3037.cl\\\/web\\\/dos-sitios-de-memoria-una-misma-lucha-iran-3037-y-memoria-borgono-firman-convenio-de-colaboracion\\\/#authorImage\",\"url\":\"https:\\\/\\\/secure.gravatar.com\\\/avatar\\\/74271fcd0201e311909e9df88359fd9604a196ffca37b90cfc6ea05ebed6b6b7?s=96&d=mm&r=g\",\"width\":96,\"height\":96,\"caption\":\"Editor\"}},{\"@type\":\"WebPage\",\"@id\":\"https:\\\/\\\/iran3037.cl\\\/web\\\/dos-sitios-de-memoria-una-misma-lucha-iran-3037-y-memoria-borgono-firman-convenio-de-colaboracion\\\/#webpage\",\"url\":\"https:\\\/\\\/iran3037.cl\\\/web\\\/dos-sitios-de-memoria-una-misma-lucha-iran-3037-y-memoria-borgono-firman-convenio-de-colaboracion\\\/\",\"name\":\"Dos sitios de memoria, una misma lucha: Ir\\u00e1n 3037 y Memoria Borgo\\u00f1o firman convenio de colaboraci\\u00f3n -\",\"description\":\"Este mi\\u00e9rcoles 26 de agosto, en el Sitio de Memoria Ir\\u00e1n 3037 (ex Venda Sexy), se concret\\u00f3 la firma de un convenio de colaboraci\\u00f3n entre la Corporaci\\u00f3n Memoria Borgo\\u00f1o y la Asociaci\\u00f3n de Memoria y Derechos Humanos Venda Sexy. Este acuerdo representa un importante paso para fortalecer el trabajo conjunto y seguir construyendo, desde la\",\"inLanguage\":\"es-ES\",\"isPartOf\":{\"@id\":\"https:\\\/\\\/iran3037.cl\\\/web\\\/#website\"},\"breadcrumb\":{\"@id\":\"https:\\\/\\\/iran3037.cl\\\/web\\\/dos-sitios-de-memoria-una-misma-lucha-iran-3037-y-memoria-borgono-firman-convenio-de-colaboracion\\\/#breadcrumblist\"},\"author\":{\"@id\":\"https:\\\/\\\/iran3037.cl\\\/web\\\/author\\\/zeta\\\/#author\"},\"creator\":{\"@id\":\"https:\\\/\\\/iran3037.cl\\\/web\\\/author\\\/zeta\\\/#author\"},\"image\":{\"@type\":\"ImageObject\",\"url\":\"https:\\\/\\\/iran3037.cl\\\/web\\\/wp-content\\\/uploads\\\/2026\\\/08\\\/Copia-de-anja-23.png\",\"@id\":\"https:\\\/\\\/iran3037.cl\\\/web\\\/dos-sitios-de-memoria-una-misma-lucha-iran-3037-y-memoria-borgono-firman-convenio-de-colaboracion\\\/#mainImage\",\"width\":1200,\"height\":800},\"primaryImageOfPage\":{\"@id\":\"https:\\\/\\\/iran3037.cl\\\/web\\\/dos-sitios-de-memoria-una-misma-lucha-iran-3037-y-memoria-borgono-firman-convenio-de-colaboracion\\\/#mainImage\"},\"datePublished\":\"2026-08-29T18:38:27+00:00\",\"dateModified\":\"2026-08-29T18:43:38+00:00\"},{\"@type\":\"WebSite\",\"@id\":\"https:\\\/\\\/iran3037.cl\\\/web\\\/#website\",\"url\":\"https:\\\/\\\/iran3037.cl\\\/web\\\/\",\"inLanguage\":\"es-ES\",\"publisher\":{\"@id\":\"https:\\\/\\\/iran3037.cl\\\/web\\\/#organization\"}}]}\n\t\t<\/script>\n\t\t<!-- All in One SEO -->\n\n","aioseo_head_json":{"title":"Dos sitios de memoria, una misma lucha: Ir\u00e1n 3037 y Memoria Borgo\u00f1o firman convenio de colaboraci\u00f3n -","description":"Este mi\u00e9rcoles 26 de agosto, en el Sitio de Memoria Ir\u00e1n 3037 (ex Venda Sexy), se concret\u00f3 la firma de un convenio de colaboraci\u00f3n entre la Corporaci\u00f3n Memoria Borgo\u00f1o y la Asociaci\u00f3n de Memoria y Derechos Humanos Venda Sexy. Este acuerdo representa un importante paso para fortalecer el trabajo conjunto y seguir construyendo, desde la","canonical_url":"https:\/\/iran3037.cl\/web\/dos-sitios-de-memoria-una-misma-lucha-iran-3037-y-memoria-borgono-firman-convenio-de-colaboracion\/","robots":"max-image-preview:large","keywords":"","webmasterTools":{"google-site-verification":"qEAyNUSNXyg8KiobUrbyIfaaaIY3P_e7e2X6JQgfe88","miscellaneous":""},"schema":{"@context":"https:\/\/schema.org","@graph":[{"@type":"BlogPosting","@id":"https:\/\/iran3037.cl\/web\/dos-sitios-de-memoria-una-misma-lucha-iran-3037-y-memoria-borgono-firman-convenio-de-colaboracion\/#blogposting","name":"Dos sitios de memoria, una misma lucha: Ir\u00e1n 3037 y Memoria Borgo\u00f1o firman convenio de colaboraci\u00f3n -","headline":"Dos sitios de memoria, una misma lucha: Ir\u00e1n 3037 y Memoria Borgo\u00f1o firman convenio de colaboraci\u00f3n","author":{"@id":"https:\/\/iran3037.cl\/web\/author\/zeta\/#author"},"publisher":{"@id":"https:\/\/iran3037.cl\/web\/#organization"},"image":{"@type":"ImageObject","url":"https:\/\/iran3037.cl\/web\/wp-content\/uploads\/2026\/08\/Copia-de-anja-23.png","width":1200,"height":800},"datePublished":"2026-08-29T18:38:27+00:00","dateModified":"2026-08-29T18:43:38+00:00","inLanguage":"es-ES","mainEntityOfPage":{"@id":"https:\/\/iran3037.cl\/web\/dos-sitios-de-memoria-una-misma-lucha-iran-3037-y-memoria-borgono-firman-convenio-de-colaboracion\/#webpage"},"isPartOf":{"@id":"https:\/\/iran3037.cl\/web\/dos-sitios-de-memoria-una-misma-lucha-iran-3037-y-memoria-borgono-firman-convenio-de-colaboracion\/#webpage"},"articleSection":"NOTICIAS"},{"@type":"BreadcrumbList","@id":"https:\/\/iran3037.cl\/web\/dos-sitios-de-memoria-una-misma-lucha-iran-3037-y-memoria-borgono-firman-convenio-de-colaboracion\/#breadcrumblist","itemListElement":[{"@type":"ListItem","@id":"https:\/\/iran3037.cl\/web#listItem","position":1,"name":"Hogar","item":"https:\/\/iran3037.cl\/web","nextItem":{"@type":"ListItem","@id":"https:\/\/iran3037.cl\/web\/category\/inicio\/#listItem","name":"INICIO"}},{"@type":"ListItem","@id":"https:\/\/iran3037.cl\/web\/category\/inicio\/#listItem","position":2,"name":"INICIO","item":"https:\/\/iran3037.cl\/web\/category\/inicio\/","nextItem":{"@type":"ListItem","@id":"https:\/\/iran3037.cl\/web\/category\/inicio\/sin-categoria\/#listItem","name":"NOTICIAS"},"previousItem":{"@type":"ListItem","@id":"https:\/\/iran3037.cl\/web#listItem","name":"Hogar"}},{"@type":"ListItem","@id":"https:\/\/iran3037.cl\/web\/category\/inicio\/sin-categoria\/#listItem","position":3,"name":"NOTICIAS","item":"https:\/\/iran3037.cl\/web\/category\/inicio\/sin-categoria\/","nextItem":{"@type":"ListItem","@id":"https:\/\/iran3037.cl\/web\/dos-sitios-de-memoria-una-misma-lucha-iran-3037-y-memoria-borgono-firman-convenio-de-colaboracion\/#listItem","name":"Dos sitios de memoria, una misma lucha: Ir\u00e1n 3037 y Memoria Borgo\u00f1o firman convenio de colaboraci\u00f3n"},"previousItem":{"@type":"ListItem","@id":"https:\/\/iran3037.cl\/web\/category\/inicio\/#listItem","name":"INICIO"}},{"@type":"ListItem","@id":"https:\/\/iran3037.cl\/web\/dos-sitios-de-memoria-una-misma-lucha-iran-3037-y-memoria-borgono-firman-convenio-de-colaboracion\/#listItem","position":4,"name":"Dos sitios de memoria, una misma lucha: Ir\u00e1n 3037 y Memoria Borgo\u00f1o firman convenio de colaboraci\u00f3n","previousItem":{"@type":"ListItem","@id":"https:\/\/iran3037.cl\/web\/category\/inicio\/sin-categoria\/#listItem","name":"NOTICIAS"}}]},{"@type":"Organization","@id":"https:\/\/iran3037.cl\/web\/#organization","name":"Asociaci\u00f3n de Memoria y Derechos Humanos Venda Sexy","description":"La Asociaci\u00f3n Venda Sexy, fundada en 2013, preserva la memoria de v\u00edctimas de represi\u00f3n estatal gestionando el ex centro de tortura \"Venda Sexy\" en Ir\u00e1n 3037, Santiago. Enfoca en derechos humanos, g\u00e9nero y justicia.","url":"https:\/\/iran3037.cl\/web\/","email":"sitiodememoriairan3037@gmail.com","logo":{"@type":"ImageObject","url":"https:\/\/iran3037.cl\/web\/wp-content\/uploads\/2013\/11\/logo_iran_fondo_blanco__1_-removebg-preview-300x225.png","@id":"https:\/\/iran3037.cl\/web\/dos-sitios-de-memoria-una-misma-lucha-iran-3037-y-memoria-borgono-firman-convenio-de-colaboracion\/#organizationLogo"},"image":{"@id":"https:\/\/iran3037.cl\/web\/dos-sitios-de-memoria-una-misma-lucha-iran-3037-y-memoria-borgono-firman-convenio-de-colaboracion\/#organizationLogo"},"sameAs":["https:\/\/www.instagram.com\/sitiodememoriairan3037\/"]},{"@type":"Person","@id":"https:\/\/iran3037.cl\/web\/author\/zeta\/#author","url":"https:\/\/iran3037.cl\/web\/author\/zeta\/","name":"Editor","image":{"@type":"ImageObject","@id":"https:\/\/iran3037.cl\/web\/dos-sitios-de-memoria-una-misma-lucha-iran-3037-y-memoria-borgono-firman-convenio-de-colaboracion\/#authorImage","url":"https:\/\/secure.gravatar.com\/avatar\/74271fcd0201e311909e9df88359fd9604a196ffca37b90cfc6ea05ebed6b6b7?s=96&d=mm&r=g","width":96,"height":96,"caption":"Editor"}},{"@type":"WebPage","@id":"https:\/\/iran3037.cl\/web\/dos-sitios-de-memoria-una-misma-lucha-iran-3037-y-memoria-borgono-firman-convenio-de-colaboracion\/#webpage","url":"https:\/\/iran3037.cl\/web\/dos-sitios-de-memoria-una-misma-lucha-iran-3037-y-memoria-borgono-firman-convenio-de-colaboracion\/","name":"Dos sitios de memoria, una misma lucha: Ir\u00e1n 3037 y Memoria Borgo\u00f1o firman convenio de colaboraci\u00f3n -","description":"Este mi\u00e9rcoles 26 de agosto, en el Sitio de Memoria Ir\u00e1n 3037 (ex Venda Sexy), se concret\u00f3 la firma de un convenio de colaboraci\u00f3n entre la Corporaci\u00f3n Memoria Borgo\u00f1o y la Asociaci\u00f3n de Memoria y Derechos Humanos Venda Sexy. Este acuerdo representa un importante paso para fortalecer el trabajo conjunto y seguir construyendo, desde la","inLanguage":"es-ES","isPartOf":{"@id":"https:\/\/iran3037.cl\/web\/#website"},"breadcrumb":{"@id":"https:\/\/iran3037.cl\/web\/dos-sitios-de-memoria-una-misma-lucha-iran-3037-y-memoria-borgono-firman-convenio-de-colaboracion\/#breadcrumblist"},"author":{"@id":"https:\/\/iran3037.cl\/web\/author\/zeta\/#author"},"creator":{"@id":"https:\/\/iran3037.cl\/web\/author\/zeta\/#author"},"image":{"@type":"ImageObject","url":"https:\/\/iran3037.cl\/web\/wp-content\/uploads\/2026\/08\/Copia-de-anja-23.png","@id":"https:\/\/iran3037.cl\/web\/dos-sitios-de-memoria-una-misma-lucha-iran-3037-y-memoria-borgono-firman-convenio-de-colaboracion\/#mainImage","width":1200,"height":800},"primaryImageOfPage":{"@id":"https:\/\/iran3037.cl\/web\/dos-sitios-de-memoria-una-misma-lucha-iran-3037-y-memoria-borgono-firman-convenio-de-colaboracion\/#mainImage"},"datePublished":"2026-08-29T18:38:27+00:00","dateModified":"2026-08-29T18:43:38+00:00"},{"@type":"WebSite","@id":"https:\/\/iran3037.cl\/web\/#website","url":"https:\/\/iran3037.cl\/web\/","inLanguage":"es-ES","publisher":{"@id":"https:\/\/iran3037.cl\/web\/#organization"}}]},"og:locale":"es_ES","og:site_name":"-","og:type":"article","og:title":"Dos sitios de memoria, una misma lucha: Ir\u00e1n 3037 y Memoria Borgo\u00f1o firman convenio de colaboraci\u00f3n -","og:description":"Este mi\u00e9rcoles 26 de agosto, en el Sitio de Memoria Ir\u00e1n 3037 (ex Venda Sexy), se concret\u00f3 la firma de un convenio de colaboraci\u00f3n entre la Corporaci\u00f3n Memoria Borgo\u00f1o y la Asociaci\u00f3n de Memoria y Derechos Humanos Venda Sexy. Este acuerdo representa un importante paso para fortalecer el trabajo conjunto y seguir construyendo, desde la","og:url":"https:\/\/iran3037.cl\/web\/dos-sitios-de-memoria-una-misma-lucha-iran-3037-y-memoria-borgono-firman-convenio-de-colaboracion\/","og:image":"https:\/\/iran3037.cl\/web\/wp-content\/uploads\/2026\/08\/Copia-de-anja-23.png","og:image:secure_url":"https:\/\/iran3037.cl\/web\/wp-content\/uploads\/2026\/08\/Copia-de-anja-23.png","og:image:width":"1200","og:image:height":"800","article:published_time":"2026-08-29T18:38:27+00:00","article:modified_time":"2026-08-29T18:43:38+00:00","twitter:card":"summary_large_image","twitter:title":"Dos sitios de memoria, una misma lucha: Ir\u00e1n 3037 y Memoria Borgo\u00f1o firman convenio de colaboraci\u00f3n -","twitter:description":"Este mi\u00e9rcoles 26 de agosto, en el Sitio de Memoria Ir\u00e1n 3037 (ex Venda Sexy), se concret\u00f3 la firma de un convenio de colaboraci\u00f3n entre la Corporaci\u00f3n Memoria Borgo\u00f1o y la Asociaci\u00f3n de Memoria y Derechos Humanos Venda Sexy. Este acuerdo representa un importante paso para fortalecer el trabajo conjunto y seguir construyendo, desde la","twitter:image":"https:\/\/iran3037.cl\/web\/wp-content\/uploads\/2026\/08\/Copia-de-anja-23.png"},"aioseo_meta_data":{"post_id":"22035","title":null,"description":null,"keywords":null,"keyphrases":{"focus":{"keyphrase":"","score":0,"analysis":{"keyphraseInTitle":{"score":0,"maxScore":9,"error":1}}},"additional":[]},"primary_term":null,"canonical_url":null,"og_title":null,"og_description":null,"og_object_type":"default","og_image_type":"featured","og_image_url":"https:\/\/iran3037.cl\/web\/wp-content\/uploads\/2026\/08\/Copia-de-anja-23.png","og_image_width":"1200","og_image_height":"800","og_image_custom_url":null,"og_image_custom_fields":null,"og_video":"","og_custom_url":null,"og_article_section":null,"og_article_tags":null,"twitter_use_og":false,"twitter_card":"default","twitter_image_type":"featured","twitter_image_url":"https:\/\/iran3037.cl\/web\/wp-content\/uploads\/2026\/08\/Copia-de-anja-23.png","twitter_image_custom_url":null,"twitter_image_custom_fields":null,"twitter_title":null,"twitter_description":null,"schema":{"blockGraphs":[],"customGraphs":[],"default":{"data":{"Article":[],"Course":[],"Dataset":[],"FAQPage":[],"Movie":[],"Person":[],"Product":[],"ProductReview":[],"Car":[],"Recipe":[],"Service":[],"SoftwareApplication":[],"WebPage":[]},"graphName":"BlogPosting","isEnabled":true},"graphs":[]},"schema_type":"default","schema_type_options":null,"pillar_content":false,"robots_default":true,"robots_noindex":false,"robots_noarchive":false,"robots_nosnippet":false,"robots_nofollow":false,"robots_noimageindex":false,"robots_noodp":false,"robots_notranslate":false,"robots_max_snippet":"-1","robots_max_videopreview":"-1","robots_max_imagepreview":"large","priority":null,"frequency":"default","local_seo":null,"limit_modified_date":false,"created":"2026-08-29 18:38:30","updated":"2026-08-29 20:08:32","ai":{"faqs":[],"keyPoints":[],"schemas":[],"titles":[],"descriptions":[],"socialPosts":{"email":{"subject":"","preview":"","content":""},"linkedin":[],"twitter":[],"facebook":[],"instagram":[]}},"breadcrumb_settings":null,"seo_analyzer_scan_date":null,"focus_keyword":null,"additional_keywords":null,"truseo_locale":null},"aioseo_breadcrumb":"<div class=\"aioseo-breadcrumbs\"><span class=\"aioseo-breadcrumb\">\n\t\t\t<a href=\"https:\/\/iran3037.cl\/web\" title=\"Hogar\">Hogar<\/a>\n\t\t<\/span><span class=\"aioseo-breadcrumb-separator\">&raquo;<\/span><span class=\"aioseo-breadcrumb\">\n\t\t\t<a href=\"https:\/\/iran3037.cl\/web\/category\/inicio\/\" title=\"INICIO\">INICIO<\/a>\n\t\t<\/span><span class=\"aioseo-breadcrumb-separator\">&raquo;<\/span><span class=\"aioseo-breadcrumb\">\n\t\t\t<a href=\"https:\/\/iran3037.cl\/web\/category\/inicio\/sin-categoria\/\" title=\"NOTICIAS\">NOTICIAS<\/a>\n\t\t<\/span><span class=\"aioseo-breadcrumb-separator\">&raquo;<\/span><span class=\"aioseo-breadcrumb\">\n\t\t\tDos sitios de memoria, una misma lucha: Ir\u00e1n 3037 y Memoria Borgo\u00f1o firman convenio de colaboraci\u00f3n\n\t\t<\/span><\/div>","aioseo_breadcrumb_json":[{"label":"Hogar","link":"https:\/\/iran3037.cl\/web"},{"label":"INICIO","link":"https:\/\/iran3037.cl\/web\/category\/inicio\/"},{"label":"NOTICIAS","link":"https:\/\/iran3037.cl\/web\/category\/inicio\/sin-categoria\/"},{"label":"Dos sitios de memoria, una misma lucha: Ir\u00e1n 3037 y Memoria Borgo\u00f1o firman convenio de colaboraci\u00f3n","link":"https:\/\/iran3037.cl\/web\/dos-sitios-de-memoria-una-misma-lucha-iran-3037-y-memoria-borgono-firman-convenio-de-colaboracion\/"}],"uagb_featured_image_src":{"full":["https:\/\/iran3037.cl\/web\/wp-content\/uploads\/2026\/08\/Copia-de-anja-23.png",1200,800,false],"thumbnail":["https:\/\/iran3037.cl\/web\/wp-content\/uploads\/2026\/08\/Copia-de-anja-23-150x150.png",150,150,true],"medium":["https:\/\/iran3037.cl\/web\/wp-content\/uploads\/2026\/08\/Copia-de-anja-23-300x200.png",300,200,true],"medium_large":["https:\/\/iran3037.cl\/web\/wp-content\/uploads\/2026\/08\/Copia-de-anja-23-768x512.png",640,427,true],"large":["https:\/\/iran3037.cl\/web\/wp-content\/uploads\/2026\/08\/Copia-de-anja-23-1024x683.png",640,427,true],"1536x1536":["https:\/\/iran3037.cl\/web\/wp-content\/uploads\/2026\/08\/Copia-de-anja-23.png",1200,800,false],"2048x2048":["https:\/\/iran3037.cl\/web\/wp-content\/uploads\/2026\/08\/Copia-de-anja-23.png",1200,800,false],"morenews-large":["https:\/\/iran3037.cl\/web\/wp-content\/uploads\/2026\/08\/Copia-de-anja-23-825x575.png",825,575,true],"morenews-medium":["https:\/\/iran3037.cl\/web\/wp-content\/uploads\/2026\/08\/Copia-de-anja-23-590x410.png",590,410,true]},"uagb_author_info":{"display_name":"Editor","author_link":"https:\/\/iran3037.cl\/web\/author\/zeta\/"},"uagb_comment_info":0,"uagb_excerpt":"Este mi\u00e9rcoles 26 de agosto, en el Sitio de Memoria Ir\u00e1n 3037 (ex Venda Sexy), se concret\u00f3 la","_links":{"self":[{"href":"https:\/\/iran3037.cl\/web\/wp-json\/wp\/v2\/posts\/22035","targetHints":{"allow":["GET"]}}],"collection":[{"href":"https:\/\/iran3037.cl\/web\/wp-json\/wp\/v2\/posts"}],"about":[{"href":"https:\/\/iran3037.cl\/web\/wp-json\/wp\/v2\/types\/post"}],"author":[{"embeddable":true,"href":"https:\/\/iran3037.cl\/web\/wp-json\/wp\/v2\/users\/3"}],"replies":[{"embeddable":true,"href":"https:\/\/iran3037.cl\/web\/wp-json\/wp\/v2\/comments?post=22035"}],"version-history":[{"count":4,"href":"https:\/\/iran3037.cl\/web\/wp-json\/wp\/v2\/posts\/22035\/revisions"}],"predecessor-version":[{"id":22042,"href":"https:\/\/iran3037.cl\/web\/wp-json\/wp\/v2\/posts\/22035\/revisions\/22042"}],"wp:featuredmedia":[{"embeddable":true,"href":"https:\/\/iran3037.cl\/web\/wp-json\/wp\/v2\/media\/22033"}],"wp:attachment":[{"href":"https:\/\/iran3037.cl\/web\/wp-json\/wp\/v2\/media?parent=22035"}],"wp:term":[{"taxonomy":"category","embeddable":true,"href":"https:\/\/iran3037.cl\/web\/wp-json\/wp\/v2\/categories?post=22035"},{"taxonomy":"post_tag","embeddable":true,"href":"https:\/\/iran3037.cl\/web\/wp-json\/wp\/v2\/tags?post=22035"}],"curies":[{"name":"wp","href":"https:\/\/api.w.org\/{rel}","templated":true}]}}