{"id":21549,"date":"2026-04-29T17:50:38","date_gmt":"2026-04-29T17:50:38","guid":{"rendered":"https:\/\/iran3037.cl\/web\/?p=21549"},"modified":"2026-04-29T17:50:41","modified_gmt":"2026-04-29T17:50:41","slug":"cero-financiamiento-maxima-impunidad-la-ecuacion-del-ministerio-de-justicia-contra-los-sitios-de-memoria","status":"publish","type":"post","link":"https:\/\/iran3037.cl\/web\/cero-financiamiento-maxima-impunidad-la-ecuacion-del-ministerio-de-justicia-contra-los-sitios-de-memoria\/","title":{"rendered":"Cero financiamiento, m\u00e1xima impunidad: la ecuaci\u00f3n del Ministerio de Justicia contra los Sitios de Memoria"},"content":{"rendered":"\n<p>Estamos en un momento muy dif\u00edcil para funcionar\u2026, a los sitios de memoria se les est\u00e1 dejando sin financiamiento y en particular nosotros NO tenemos financiamiento.<\/p>\n\n\n\n<p><br>Como Sitio de Memoria Ir\u00e1n 3037 ex Centro de secuestro, tortura, violencia pol\u00edtica sexual y exterminio Venda Sexy, denunciamos que desde el Ministerio de Justicia y Derechos Humanos se est\u00e1n tomando decisiones que favorecen directamente la impunidad de criminales condenados por delitos de lesa humanidad.<\/p>\n\n\n\n<p><br>No se trata de errores.<br>No se trata de omisiones.<br>Se trata de decisiones pol\u00edticas.<\/p>\n\n\n\n<p><br>Se trata de decisiones que permiten abrir la puerta a beneficios carcelarios, a quienes nunca han colaborado con la justicia, \u2026nunca han dicho la verdad y nunca han mostrado arrepentimiento.<\/p>\n\n\n\n<p><br>Responsabilizamos directamente al ministro de Justicia, Fernando Rabat, por instruir a la jefatura del Programa de Derechos Humanos a realizar acciones que impidan que sus funcionarios-abogados defiendan activamente a las v\u00edctimas.<\/p>\n\n\n\n<p><br>Hoy, a esos abogados se les ordena callar.<br>Se les ordena no apelar.<br>Se les ordena abandonar causas.<br>Esto no tiene precedentes.<br>Y mientras el Estado se retira, los criminales avanzan.<\/p>\n\n\n\n<p><br>El caso de C\u00e9sar Manr\u00edquez, agente de la DINA, condenado por cr\u00edmenes grav\u00edsimos, \u2026 fingi\u00f3 demencia para eludir la justicia, pero cuya propia pericia m\u00e9dica descart\u00f3 un cuadro de demencia senil.<\/p>\n\n\n\n<p><br>Distintos testimonios y procesos judiciales lo vinculan a centros de tortura como Venda Sexy y a la desaparici\u00f3n de \u00a0 Isidro Pizarro Meniconi e Ida Vera.<\/p>\n\n\n\n<p><br>Pese al intento del gobierno no se logr\u00f3 el objetivo y se mantuvo su prisi\u00f3n por ahora gracias al poder judicial<br>Aqu\u00ed no hay errores administrativos.<\/p>\n\n\n\n<p><br>Hay una pol\u00edtica de impunidad.<\/p>\n\n\n\n<p><br>Una pol\u00edtica que se alinea peligrosamente con promesas hechas a quienes buscan liberar a violadores de derechos humanos.<\/p>\n\n\n\n<p><br>DENUNCIAMOS LA TRAMA DE IMPUNIDAD QUE MANIOBRA \u00a0 EL MINISTERIO DE JUSTICIA<\/p>\n\n\n\n<p><br>Exigimos a los tribunales que no validen esta maniobra\u2026<br>Exigimos a la Contralor\u00eda que investigue\u2026.<br>Exigimos al pa\u00eds que no normalice este retroceso<br>Exigimos se mantenga y fortalezca el Plan Nacional de B\u00fasqueda<\/p>\n\n\n\n<p><strong>Porque mientras haya desaparecidos y desaparecidas, mientras haya silencio, mientras haya impunidad, seguiremos luchando hasta encontrarlos\u00a1!!<\/strong><\/p>\n\n\n\n<p><\/p>\n\n\n\n<figure class=\"wp-block-image size-large\"><a href=\"https:\/\/iran3037.cl\/web\/wp-content\/uploads\/2026\/04\/Ale-25-04-2026-1-scaled.jpg\"><img loading=\"lazy\" decoding=\"async\" width=\"1024\" height=\"1024\" src=\"https:\/\/iran3037.cl\/web\/wp-content\/uploads\/2026\/04\/Ale-25-04-2026-1-1024x1024.jpg\" alt=\"\" class=\"wp-image-21551\" srcset=\"https:\/\/iran3037.cl\/web\/wp-content\/uploads\/2026\/04\/Ale-25-04-2026-1-1024x1024.jpg 1024w, https:\/\/iran3037.cl\/web\/wp-content\/uploads\/2026\/04\/Ale-25-04-2026-1-300x300.jpg 300w, https:\/\/iran3037.cl\/web\/wp-content\/uploads\/2026\/04\/Ale-25-04-2026-1-150x150.jpg 150w, https:\/\/iran3037.cl\/web\/wp-content\/uploads\/2026\/04\/Ale-25-04-2026-1-768x768.jpg 768w, https:\/\/iran3037.cl\/web\/wp-content\/uploads\/2026\/04\/Ale-25-04-2026-1-1536x1536.jpg 1536w, https:\/\/iran3037.cl\/web\/wp-content\/uploads\/2026\/04\/Ale-25-04-2026-1-2048x2048.jpg 2048w\" sizes=\"auto, (max-width: 1024px) 100vw, 1024px\" \/><\/a><\/figure>\n","protected":false},"excerpt":{"rendered":"<p>Estamos en un momento muy dif\u00edcil para funcionar\u2026, a los sitios de memoria se les est\u00e1 dejando sin<\/p>\n","protected":false},"author":3,"featured_media":21550,"comment_status":"closed","ping_status":"closed","sticky":false,"template":"","format":"standard","meta":{"om_disable_all_campaigns":false,"_eb_attr":"","_uag_custom_page_level_css":"","_monsterinsights_skip_tracking":false,"_monsterinsights_sitenote_active":false,"_monsterinsights_sitenote_note":"","_monsterinsights_sitenote_category":0,"iawp_total_views":6,"footnotes":""},"categories":[1],"tags":[],"class_list":["post-21549","post","type-post","status-publish","format-standard","has-post-thumbnail","hentry","category-sin-categoria"],"aioseo_notices":[],"uagb_featured_image_src":{"full":["https:\/\/iran3037.cl\/web\/wp-content\/uploads\/2026\/04\/anja-18.png",1200,800,false],"thumbnail":["https:\/\/iran3037.cl\/web\/wp-content\/uploads\/2026\/04\/anja-18-150x150.png",150,150,true],"medium":["https:\/\/iran3037.cl\/web\/wp-content\/uploads\/2026\/04\/anja-18-300x200.png",300,200,true],"medium_large":["https:\/\/iran3037.cl\/web\/wp-content\/uploads\/2026\/04\/anja-18-768x512.png",640,427,true],"large":["https:\/\/iran3037.cl\/web\/wp-content\/uploads\/2026\/04\/anja-18-1024x683.png",640,427,true],"1536x1536":["https:\/\/iran3037.cl\/web\/wp-content\/uploads\/2026\/04\/anja-18.png",1200,800,false],"2048x2048":["https:\/\/iran3037.cl\/web\/wp-content\/uploads\/2026\/04\/anja-18.png",1200,800,false],"morenews-large":["https:\/\/iran3037.cl\/web\/wp-content\/uploads\/2026\/04\/anja-18-825x575.png",825,575,true],"morenews-medium":["https:\/\/iran3037.cl\/web\/wp-content\/uploads\/2026\/04\/anja-18-590x410.png",590,410,true]},"uagb_author_info":{"display_name":"Editor","author_link":"https:\/\/iran3037.cl\/web\/author\/zeta\/"},"uagb_comment_info":0,"uagb_excerpt":"Estamos en un momento muy dif\u00edcil para funcionar\u2026, a los sitios de memoria se les est\u00e1 dejando sin","_links":{"self":[{"href":"https:\/\/iran3037.cl\/web\/wp-json\/wp\/v2\/posts\/21549","targetHints":{"allow":["GET"]}}],"collection":[{"href":"https:\/\/iran3037.cl\/web\/wp-json\/wp\/v2\/posts"}],"about":[{"href":"https:\/\/iran3037.cl\/web\/wp-json\/wp\/v2\/types\/post"}],"author":[{"embeddable":true,"href":"https:\/\/iran3037.cl\/web\/wp-json\/wp\/v2\/users\/3"}],"replies":[{"embeddable":true,"href":"https:\/\/iran3037.cl\/web\/wp-json\/wp\/v2\/comments?post=21549"}],"version-history":[{"count":1,"href":"https:\/\/iran3037.cl\/web\/wp-json\/wp\/v2\/posts\/21549\/revisions"}],"predecessor-version":[{"id":21552,"href":"https:\/\/iran3037.cl\/web\/wp-json\/wp\/v2\/posts\/21549\/revisions\/21552"}],"wp:featuredmedia":[{"embeddable":true,"href":"https:\/\/iran3037.cl\/web\/wp-json\/wp\/v2\/media\/21550"}],"wp:attachment":[{"href":"https:\/\/iran3037.cl\/web\/wp-json\/wp\/v2\/media?parent=21549"}],"wp:term":[{"taxonomy":"category","embeddable":true,"href":"https:\/\/iran3037.cl\/web\/wp-json\/wp\/v2\/categories?post=21549"},{"taxonomy":"post_tag","embeddable":true,"href":"https:\/\/iran3037.cl\/web\/wp-json\/wp\/v2\/tags?post=21549"}],"curies":[{"name":"wp","href":"https:\/\/api.w.org\/{rel}","templated":true}]}}