{"id":21322,"date":"2026-03-02T13:16:27","date_gmt":"2026-03-02T13:16:27","guid":{"rendered":"https:\/\/iran3037.cl\/web\/?p=21322"},"modified":"2026-03-02T13:16:29","modified_gmt":"2026-03-02T13:16:29","slug":"chile-busca-resguardar-la-memoria-historica-en-lugares-emblematicos-de-la-dictadura-de-pinochet","status":"publish","type":"post","link":"https:\/\/iran3037.cl\/web\/chile-busca-resguardar-la-memoria-historica-en-lugares-emblematicos-de-la-dictadura-de-pinochet\/","title":{"rendered":"Chile busca resguardar la memoria hist\u00f3rica en lugares emblem\u00e1ticos de la dictadura de Pinochet"},"content":{"rendered":"\n<p>En un contexto de creciente relevancia internacional, Chile reafirma su compromiso con la preservaci\u00f3n de la memoria hist\u00f3rica mediante la transformaci\u00f3n de 27 antiguos centros de detenci\u00f3n y tortura de la dictadura c\u00edvico-militar (1973-1990) en espacios educativos, culturales y de reflexi\u00f3n cr\u00edtica. Esta iniciativa, destacada recientemente por France 24 en su cobertura internacional<\/p>\n\n\n\n<figure class=\"wp-block-embed is-type-video is-provider-youtube wp-block-embed-youtube wp-embed-aspect-16-9 wp-has-aspect-ratio\"><div class=\"wp-block-embed__wrapper\">\n<iframe loading=\"lazy\" title=\"Chile busca resguardar la memoria hist\u00f3rica en lugares emblem\u00e1ticos de la dictadura de Pinochet\" width=\"640\" height=\"360\" src=\"https:\/\/www.youtube.com\/embed\/DKBUi0A3wH8?feature=oembed\" frameborder=\"0\" allow=\"accelerometer; autoplay; clipboard-write; encrypted-media; gyroscope; picture-in-picture; web-share\" referrerpolicy=\"strict-origin-when-cross-origin\" allowfullscreen><\/iframe>\n<\/div><\/figure>\n\n\n\n<p>Unos 27 espacios de tortura y detenci\u00f3n se transforman en lugares de memoria hist\u00f3rica para mantener vivos los horrores padecidos durante la dictadura de Augusto Pinochet y homenajear a las v\u00edctimas, pero con el cambio de Gobierno hacia la extrema derecha, los centros y los sobrevivientes temen retrocesos. Un informe de nuestro corresponsal Alberto Pe\u00f1a.<\/p>\n\n\n\n<p>V\u00eddeo por: <a href=\"https:\/\/www.france24.com\/es\/autor\/alberto-pe%C3%B1a\/\">Alberto Pe\u00f1a<\/a><\/p>\n\n\n\n<p>Fuente: F<a href=\"https:\/\/www.france24.com\/es\/video\/20260226-chile-busca-resguardar-la-memoria-hist%C3%B3rica-en-lugares-emblem%C3%A1ticos-de-la-dictadura-de-pinochet?utm_slink=go.france24.com%2Fq5J&amp;utm_term=France24_es&amp;utm_campaign=twitter&amp;utm_source=nonli&amp;utm_medium=social\" title=\"\">rance 24<\/a><\/p>\n","protected":false},"excerpt":{"rendered":"<p>En un contexto de creciente relevancia internacional, Chile reafirma su compromiso con la preservaci\u00f3n de la memoria hist\u00f3rica<\/p>\n","protected":false},"author":3,"featured_media":21323,"comment_status":"closed","ping_status":"closed","sticky":false,"template":"","format":"standard","meta":{"om_disable_all_campaigns":false,"_eb_attr":"","_uag_custom_page_level_css":"","_monsterinsights_skip_tracking":false,"_monsterinsights_sitenote_active":false,"_monsterinsights_sitenote_note":"","_monsterinsights_sitenote_category":0,"iawp_total_views":21,"footnotes":""},"categories":[22,1,6],"tags":[],"class_list":["post-21322","post","type-post","status-publish","format-standard","has-post-thumbnail","hentry","category-documental","category-sin-categoria","category-videos"],"aioseo_notices":[],"uagb_featured_image_src":{"full":["https:\/\/iran3037.cl\/web\/wp-content\/uploads\/2026\/03\/Diseno-sin-titulo-2026-03-02T100217.583.png",1200,800,false],"thumbnail":["https:\/\/iran3037.cl\/web\/wp-content\/uploads\/2026\/03\/Diseno-sin-titulo-2026-03-02T100217.583-150x150.png",150,150,true],"medium":["https:\/\/iran3037.cl\/web\/wp-content\/uploads\/2026\/03\/Diseno-sin-titulo-2026-03-02T100217.583-300x200.png",300,200,true],"medium_large":["https:\/\/iran3037.cl\/web\/wp-content\/uploads\/2026\/03\/Diseno-sin-titulo-2026-03-02T100217.583-768x512.png",640,427,true],"large":["https:\/\/iran3037.cl\/web\/wp-content\/uploads\/2026\/03\/Diseno-sin-titulo-2026-03-02T100217.583-1024x683.png",640,427,true],"1536x1536":["https:\/\/iran3037.cl\/web\/wp-content\/uploads\/2026\/03\/Diseno-sin-titulo-2026-03-02T100217.583.png",1200,800,false],"2048x2048":["https:\/\/iran3037.cl\/web\/wp-content\/uploads\/2026\/03\/Diseno-sin-titulo-2026-03-02T100217.583.png",1200,800,false],"morenews-large":["https:\/\/iran3037.cl\/web\/wp-content\/uploads\/2026\/03\/Diseno-sin-titulo-2026-03-02T100217.583-825x575.png",825,575,true],"morenews-medium":["https:\/\/iran3037.cl\/web\/wp-content\/uploads\/2026\/03\/Diseno-sin-titulo-2026-03-02T100217.583-590x410.png",590,410,true]},"uagb_author_info":{"display_name":"Editor","author_link":"https:\/\/iran3037.cl\/web\/author\/zeta\/"},"uagb_comment_info":0,"uagb_excerpt":"En un contexto de creciente relevancia internacional, Chile reafirma su compromiso con la preservaci\u00f3n de la memoria hist\u00f3rica","_links":{"self":[{"href":"https:\/\/iran3037.cl\/web\/wp-json\/wp\/v2\/posts\/21322","targetHints":{"allow":["GET"]}}],"collection":[{"href":"https:\/\/iran3037.cl\/web\/wp-json\/wp\/v2\/posts"}],"about":[{"href":"https:\/\/iran3037.cl\/web\/wp-json\/wp\/v2\/types\/post"}],"author":[{"embeddable":true,"href":"https:\/\/iran3037.cl\/web\/wp-json\/wp\/v2\/users\/3"}],"replies":[{"embeddable":true,"href":"https:\/\/iran3037.cl\/web\/wp-json\/wp\/v2\/comments?post=21322"}],"version-history":[{"count":1,"href":"https:\/\/iran3037.cl\/web\/wp-json\/wp\/v2\/posts\/21322\/revisions"}],"predecessor-version":[{"id":21324,"href":"https:\/\/iran3037.cl\/web\/wp-json\/wp\/v2\/posts\/21322\/revisions\/21324"}],"wp:featuredmedia":[{"embeddable":true,"href":"https:\/\/iran3037.cl\/web\/wp-json\/wp\/v2\/media\/21323"}],"wp:attachment":[{"href":"https:\/\/iran3037.cl\/web\/wp-json\/wp\/v2\/media?parent=21322"}],"wp:term":[{"taxonomy":"category","embeddable":true,"href":"https:\/\/iran3037.cl\/web\/wp-json\/wp\/v2\/categories?post=21322"},{"taxonomy":"post_tag","embeddable":true,"href":"https:\/\/iran3037.cl\/web\/wp-json\/wp\/v2\/tags?post=21322"}],"curies":[{"name":"wp","href":"https:\/\/api.w.org\/{rel}","templated":true}]}}