{"id":21319,"date":"2026-03-02T12:29:06","date_gmt":"2026-03-02T12:29:06","guid":{"rendered":"https:\/\/iran3037.cl\/web\/?p=21319"},"modified":"2026-03-02T12:29:08","modified_gmt":"2026-03-02T12:29:08","slug":"pablo-etcheverri-y-banda-estrenan-la-memoria-en-el-sitio-de-memoria-iran-3037","status":"publish","type":"post","link":"https:\/\/iran3037.cl\/web\/pablo-etcheverri-y-banda-estrenan-la-memoria-en-el-sitio-de-memoria-iran-3037\/","title":{"rendered":"Pablo Etcheverri y Banda estrenan \u00abLA MEMORIA\u00bb:  en el Sitio de Memoria Ir\u00e1n 3037"},"content":{"rendered":"\n<p>El Sitio de Memoria Ir\u00e1n 3037 (ex Venda Sexy) presenta la grabaci\u00f3n exclusiva de \u00abLA MEMORIA\u00bb, nueva pieza audiovisual de Pablo Etcheverri y Banda, registrada el 15 de febrero de 2026 en nuestras dependencias. <\/p>\n\n\n\n<p>Esta producci\u00f3n se suma a nuestra l\u00ednea de trabajo que vincula arte, memoria y derechos humanos, reafirmando el compromiso del sitio con expresiones culturales que invitan a la reflexi\u00f3n cr\u00edtica y a la reconexi\u00f3n con nuestra historia colectiva.<\/p>\n\n\n\n<p><\/p>\n\n\n\n<h3 class=\"wp-block-heading\">Ficha t\u00e9cnica de la producci\u00f3n<\/h3>\n\n\n\n<figure class=\"wp-block-table\"><table class=\"has-fixed-layout\"><thead><tr><th>Categor\u00eda<\/th><th>Detalle<\/th><\/tr><\/thead><tbody><tr><td><strong>T\u00edtulo de la obra<\/strong><\/td><td>LA MEMORIA<\/td><\/tr><tr><td><strong>Artista responsable<\/strong><\/td><td>Pablo Etcheverri y Banda<\/td><\/tr><tr><td><strong>Fecha de grabaci\u00f3n<\/strong><\/td><td>15 de febrero de 2026<\/td><\/tr><tr><td><strong>Locaci\u00f3n<\/strong><\/td><td>Sitio de Memoria Ir\u00e1n 3037 (ex Venda Sexy), Santiago de Chile<\/td><\/tr><\/tbody><\/table><\/figure>\n\n\n\n<p><\/p>\n\n\n\n<h3 class=\"wp-block-heading\">Equipo art\u00edstico<\/h3>\n\n\n\n<ul class=\"wp-block-list\">\n<li><strong>Pablo Etcheverri<\/strong>: Direcci\u00f3n art\u00edstica y ejecuci\u00f3n<\/li>\n\n\n\n<li><strong>Gabriel Z\u00e1rate<\/strong>: Piano y guitarra el\u00e9ctrica<\/li>\n\n\n\n<li><strong>Maga Barros<\/strong>: Voz principal<\/li>\n\n\n\n<li><strong>Marcos Almendras<\/strong>: Charango<\/li>\n<\/ul>\n\n\n\n<h3 class=\"wp-block-heading\">Equipo t\u00e9cnico<\/h3>\n\n\n\n<ul class=\"wp-block-list\">\n<li><strong>Camar\u00f3grafos<\/strong>: Rodrigo Dides, Juan Pablo Cofr\u00e9<\/li>\n\n\n\n<li><strong>Ingenier\u00eda de sonido<\/strong>: Gabriel Z\u00e1rate<\/li>\n<\/ul>\n\n\n\n<p><\/p>\n\n\n\n<figure class=\"wp-block-embed is-type-video is-provider-youtube wp-block-embed-youtube wp-embed-aspect-16-9 wp-has-aspect-ratio\"><div class=\"wp-block-embed__wrapper\">\n<iframe loading=\"lazy\" title=\"LA MEMORIA. Pablo Etcheverri y Banda\" width=\"640\" height=\"360\" src=\"https:\/\/www.youtube.com\/embed\/bM1P9MSuOrQ?feature=oembed\" frameborder=\"0\" allow=\"accelerometer; autoplay; clipboard-write; encrypted-media; gyroscope; picture-in-picture; web-share\" referrerpolicy=\"strict-origin-when-cross-origin\" allowfullscreen><\/iframe>\n<\/div><\/figure>\n\n\n\n<h3 class=\"wp-block-heading\">Propuesta conceptual y valor estrat\u00e9gico<\/h3>\n\n\n\n<p>\u00abLA MEMORIA\u00bb se presenta como una obra que integra lenguaje musical contempor\u00e1neo con un escenario cargado de significado hist\u00f3rico. La selecci\u00f3n del Sitio de Memoria Ir\u00e1n 3037 como locaci\u00f3n refuerza el mensaje central de la pieza: la importancia de preservar, reflexionar y transmitir la memoria colectiva como herramienta de construcci\u00f3n social.<\/p>\n","protected":false},"excerpt":{"rendered":"<p>El Sitio de Memoria Ir\u00e1n 3037 (ex Venda Sexy) presenta la grabaci\u00f3n exclusiva de \u00abLA MEMORIA\u00bb, nueva pieza<\/p>\n","protected":false},"author":3,"featured_media":21320,"comment_status":"closed","ping_status":"closed","sticky":false,"template":"","format":"standard","meta":{"om_disable_all_campaigns":false,"_eb_attr":"","_uag_custom_page_level_css":"","_monsterinsights_skip_tracking":false,"_monsterinsights_sitenote_active":false,"_monsterinsights_sitenote_note":"","_monsterinsights_sitenote_category":0,"iawp_total_views":29,"footnotes":""},"categories":[29,28,1,6],"tags":[],"class_list":["post-21319","post","type-post","status-publish","format-standard","has-post-thumbnail","hentry","category-conciertos-inicio","category-conciertos","category-sin-categoria","category-videos"],"aioseo_notices":[],"uagb_featured_image_src":{"full":["https:\/\/iran3037.cl\/web\/wp-content\/uploads\/2026\/03\/Diseno-sin-titulo-2026-03-02T092649.924.png",1200,800,false],"thumbnail":["https:\/\/iran3037.cl\/web\/wp-content\/uploads\/2026\/03\/Diseno-sin-titulo-2026-03-02T092649.924-150x150.png",150,150,true],"medium":["https:\/\/iran3037.cl\/web\/wp-content\/uploads\/2026\/03\/Diseno-sin-titulo-2026-03-02T092649.924-300x200.png",300,200,true],"medium_large":["https:\/\/iran3037.cl\/web\/wp-content\/uploads\/2026\/03\/Diseno-sin-titulo-2026-03-02T092649.924-768x512.png",640,427,true],"large":["https:\/\/iran3037.cl\/web\/wp-content\/uploads\/2026\/03\/Diseno-sin-titulo-2026-03-02T092649.924-1024x683.png",640,427,true],"1536x1536":["https:\/\/iran3037.cl\/web\/wp-content\/uploads\/2026\/03\/Diseno-sin-titulo-2026-03-02T092649.924.png",1200,800,false],"2048x2048":["https:\/\/iran3037.cl\/web\/wp-content\/uploads\/2026\/03\/Diseno-sin-titulo-2026-03-02T092649.924.png",1200,800,false],"morenews-large":["https:\/\/iran3037.cl\/web\/wp-content\/uploads\/2026\/03\/Diseno-sin-titulo-2026-03-02T092649.924-825x575.png",825,575,true],"morenews-medium":["https:\/\/iran3037.cl\/web\/wp-content\/uploads\/2026\/03\/Diseno-sin-titulo-2026-03-02T092649.924-590x410.png",590,410,true]},"uagb_author_info":{"display_name":"Editor","author_link":"https:\/\/iran3037.cl\/web\/author\/zeta\/"},"uagb_comment_info":0,"uagb_excerpt":"El Sitio de Memoria Ir\u00e1n 3037 (ex Venda Sexy) presenta la grabaci\u00f3n exclusiva de \u00abLA MEMORIA\u00bb, nueva pieza","_links":{"self":[{"href":"https:\/\/iran3037.cl\/web\/wp-json\/wp\/v2\/posts\/21319","targetHints":{"allow":["GET"]}}],"collection":[{"href":"https:\/\/iran3037.cl\/web\/wp-json\/wp\/v2\/posts"}],"about":[{"href":"https:\/\/iran3037.cl\/web\/wp-json\/wp\/v2\/types\/post"}],"author":[{"embeddable":true,"href":"https:\/\/iran3037.cl\/web\/wp-json\/wp\/v2\/users\/3"}],"replies":[{"embeddable":true,"href":"https:\/\/iran3037.cl\/web\/wp-json\/wp\/v2\/comments?post=21319"}],"version-history":[{"count":1,"href":"https:\/\/iran3037.cl\/web\/wp-json\/wp\/v2\/posts\/21319\/revisions"}],"predecessor-version":[{"id":21321,"href":"https:\/\/iran3037.cl\/web\/wp-json\/wp\/v2\/posts\/21319\/revisions\/21321"}],"wp:featuredmedia":[{"embeddable":true,"href":"https:\/\/iran3037.cl\/web\/wp-json\/wp\/v2\/media\/21320"}],"wp:attachment":[{"href":"https:\/\/iran3037.cl\/web\/wp-json\/wp\/v2\/media?parent=21319"}],"wp:term":[{"taxonomy":"category","embeddable":true,"href":"https:\/\/iran3037.cl\/web\/wp-json\/wp\/v2\/categories?post=21319"},{"taxonomy":"post_tag","embeddable":true,"href":"https:\/\/iran3037.cl\/web\/wp-json\/wp\/v2\/tags?post=21319"}],"curies":[{"name":"wp","href":"https:\/\/api.w.org\/{rel}","templated":true}]}}